{"id":11649,"date":"2020-07-25T23:42:59","date_gmt":"2020-07-25T21:42:59","guid":{"rendered":"http:\/\/blog.lesgrossesorchadeslesamplesthalameges.fr\/?p=11649"},"modified":"2020-07-26T02:42:10","modified_gmt":"2020-07-26T00:42:10","slug":"flu-world-order","status":"publish","type":"post","link":"https:\/\/blog.lesgrossesorchadeslesamplesthalameges.fr\/index.php\/2020\/07\/25\/flu-world-order\/","title":{"rendered":"FLU WORLD ORDER"},"content":{"rendered":"<p>&nbsp;<\/p>\n<p>&nbsp;<\/p>\n<p>&nbsp;<\/p>\n<p>&nbsp;<\/p>\n<p>&nbsp;<\/p>\n<p>&nbsp;<\/p>\n<p style=\"text-align: center;\"><a href=\"http:\/\/blog.lesgrossesorchadeslesamplesthalameges.fr\/wp-content\/uploads\/2020\/07\/Le-p\u00e9ril-jaune-en-bateau.jpg\"><img loading=\"lazy\" class=\"alignnone wp-image-11651 size-full\" src=\"http:\/\/blog.lesgrossesorchadeslesamplesthalameges.fr\/wp-content\/uploads\/2020\/07\/Le-p\u00e9ril-jaune-en-bateau.jpg\" alt=\"\" width=\"750\" height=\"499\" srcset=\"https:\/\/blog.lesgrossesorchadeslesamplesthalameges.fr\/wp-content\/uploads\/2020\/07\/Le-p\u00e9ril-jaune-en-bateau.jpg 750w, https:\/\/blog.lesgrossesorchadeslesamplesthalameges.fr\/wp-content\/uploads\/2020\/07\/Le-p\u00e9ril-jaune-en-bateau-300x200.jpg 300w\" sizes=\"(max-width: 750px) 100vw, 750px\" \/><\/a><\/p>\n<p style=\"text-align: right;\"><span style=\"font-family: times new roman, times, serif;\"><strong><em>\u2026et p\u00e9rils ja<span style=\"font-size: 14pt;\">unes<\/span><\/em><\/strong><\/span><\/p>\n<p style=\"text-align: justify;\"><span style=\"font-family: times new roman, times, serif; font-size: 14pt;\"><strong><em>\u00a0<\/em><\/strong><\/span><\/p>\n<p>&nbsp;<\/p>\n<p style=\"text-align: center;\"><span style=\"font-family: times new roman, times, serif; font-size: 48pt; color: #c00000;\">FLU WORLD ORDER<\/span><\/p>\n<p>&nbsp;<\/p>\n<p style=\"text-align: center;\"><span style=\"font-family: times new roman, times, serif; font-size: 18pt; color: #c00000;\">(Ordre Mondial de la Grippe)<\/span><\/p>\n<p>&nbsp;<\/p>\n<p>&nbsp;<\/p>\n<p style=\"text-align: center;\"><a href=\"http:\/\/blog.lesgrossesorchadeslesamplesthalameges.fr\/wp-content\/uploads\/2020\/07\/COVID-masqu\u00e9-GF.gif\"><img loading=\"lazy\" class=\"alignnone wp-image-11652\" src=\"http:\/\/blog.lesgrossesorchadeslesamplesthalameges.fr\/wp-content\/uploads\/2020\/07\/COVID-masqu\u00e9-GF.gif\" alt=\"\" width=\"150\" height=\"150\" \/><\/a><\/p>\n<p>&nbsp;<\/p>\n<p>&nbsp;<\/p>\n<p style=\"text-align: center;\"><span style=\"font-family: times new roman, times, serif; font-size: 36pt;\"><strong>La f\u00eate nationale belge (21 juillet) ne l\u2019a pas mis en p\u00e9ril. Ouf\u00a0!<\/strong><\/span><\/p>\n<p>&nbsp;<\/p>\n<p>&nbsp;<\/p>\n<p style=\"text-align: center;\"><span style=\"font-family: times new roman, times, serif; font-size: 36pt;\"><strong><a href=\"http:\/\/blog.lesgrossesorchadeslesamplesthalameges.fr\/wp-content\/uploads\/2020\/07\/F\u00eate-nationale-belge.jpg\"><img loading=\"lazy\" class=\"alignnone wp-image-11658\" src=\"http:\/\/blog.lesgrossesorchadeslesamplesthalameges.fr\/wp-content\/uploads\/2020\/07\/F\u00eate-nationale-belge-300x160.jpg\" alt=\"\" width=\"650\" height=\"346\" srcset=\"https:\/\/blog.lesgrossesorchadeslesamplesthalameges.fr\/wp-content\/uploads\/2020\/07\/F\u00eate-nationale-belge-300x160.jpg 300w, https:\/\/blog.lesgrossesorchadeslesamplesthalameges.fr\/wp-content\/uploads\/2020\/07\/F\u00eate-nationale-belge-768x409.jpg 768w, https:\/\/blog.lesgrossesorchadeslesamplesthalameges.fr\/wp-content\/uploads\/2020\/07\/F\u00eate-nationale-belge.jpg 800w\" sizes=\"(max-width: 650px) 100vw, 650px\" \/><\/a><\/strong><\/span><\/p>\n<p>&nbsp;<\/p>\n<p style=\"text-align: justify;\"><span style=\"font-family: comic sans ms, sans-serif; font-size: 14pt;\">Il y avait m\u00eame l\u2019Africain obligatoire de service, comme au mariage de Megan et Harry. Ouf, ouf\u00a0!<\/span><\/p>\n<p>&nbsp;<\/p>\n<p>&nbsp;<\/p>\n<p style=\"text-align: center;\"><a href=\"http:\/\/blog.lesgrossesorchadeslesamplesthalameges.fr\/wp-content\/uploads\/2020\/07\/COVID-masqu\u00e9-GF.gif\"><img loading=\"lazy\" class=\"alignnone wp-image-11652\" src=\"http:\/\/blog.lesgrossesorchadeslesamplesthalameges.fr\/wp-content\/uploads\/2020\/07\/COVID-masqu\u00e9-GF.gif\" alt=\"\" width=\"75\" height=\"75\" \/><\/a><\/p>\n<p>&nbsp;<\/p>\n<p>&nbsp;<\/p>\n<p style=\"text-align: center;\"><a href=\"http:\/\/blog.lesgrossesorchadeslesamplesthalameges.fr\/wp-content\/uploads\/2020\/07\/Fais-pas-de-copnneries-Hubert.-GIF.png\"><img loading=\"lazy\" class=\"alignnone wp-image-11711 size-full\" src=\"http:\/\/blog.lesgrossesorchadeslesamplesthalameges.fr\/wp-content\/uploads\/2020\/07\/Fais-pas-de-copnneries-Hubert.-GIF.png\" alt=\"\" width=\"600\" height=\"507\" srcset=\"https:\/\/blog.lesgrossesorchadeslesamplesthalameges.fr\/wp-content\/uploads\/2020\/07\/Fais-pas-de-copnneries-Hubert.-GIF.png 600w, https:\/\/blog.lesgrossesorchadeslesamplesthalameges.fr\/wp-content\/uploads\/2020\/07\/Fais-pas-de-copnneries-Hubert.-GIF-300x254.png 300w\" sizes=\"(max-width: 600px) 100vw, 600px\" \/><\/a><\/p>\n<p>&nbsp;<\/p>\n<p style=\"text-align: left;\"><span style=\"font-family: comic sans ms, sans-serif; font-size: 14pt;\">Ah, mais\u00a0!&#8230; On n\u2019est pas pour rien les champions du monde de la soumission.<\/span><\/p>\n<p>&nbsp;<\/p>\n<p>&nbsp;<\/p>\n<p style=\"text-align: center;\"><a href=\"http:\/\/blog.lesgrossesorchadeslesamplesthalameges.fr\/wp-content\/uploads\/2020\/07\/COVID-masqu\u00e9-GF.gif\"><img loading=\"lazy\" class=\"alignnone wp-image-11652\" src=\"http:\/\/blog.lesgrossesorchadeslesamplesthalameges.fr\/wp-content\/uploads\/2020\/07\/COVID-masqu\u00e9-GF.gif\" alt=\"\" width=\"75\" height=\"75\" \/><\/a><\/p>\n<p>&nbsp;<\/p>\n<p>&nbsp;<\/p>\n<h1 style=\"text-align: justify;\"><strong><span style=\"font-family: times new roman, times, serif; font-size: 18pt; color: #c00000;\"><em>Merci les merdias. On est rassur\u00e9s.<\/em><\/span><\/strong><\/h1>\n<p>&nbsp;<\/p>\n<h1 style=\"text-align: center;\"><strong><span style=\"font-family: times new roman, times, serif; font-size: 36pt;\">Comment fonctionnera l\u2019application belge de tra\u00e7age corona ?<\/span><\/strong><\/h1>\n<p>&nbsp;<\/p>\n<p style=\"text-align: center;\"><span style=\"font-family: times new roman, times, serif; font-size: 24pt;\">Le tra\u00e7age num\u00e9rique est annonc\u00e9 pour septembre. Outil majeur dans la lutte contre la pand\u00e9mie, elle n\u2019aura rien d\u2019un dispositif de surveillance de masse.<\/span><\/p>\n<p>&nbsp;<\/p>\n<p>&nbsp;<\/p>\n<p style=\"text-align: center;\"><a href=\"http:\/\/blog.lesgrossesorchadeslesamplesthalameges.fr\/wp-content\/uploads\/2020\/07\/Tra\u00e7age.jpg\"><img loading=\"lazy\" class=\"alignnone wp-image-11661 size-full\" src=\"http:\/\/blog.lesgrossesorchadeslesamplesthalameges.fr\/wp-content\/uploads\/2020\/07\/Tra\u00e7age.jpg\" alt=\"\" width=\"500\" height=\"281\" srcset=\"https:\/\/blog.lesgrossesorchadeslesamplesthalameges.fr\/wp-content\/uploads\/2020\/07\/Tra\u00e7age.jpg 500w, https:\/\/blog.lesgrossesorchadeslesamplesthalameges.fr\/wp-content\/uploads\/2020\/07\/Tra\u00e7age-300x169.jpg 300w\" sizes=\"(max-width: 500px) 100vw, 500px\" \/><\/a><\/p>\n<p>&nbsp;<\/p>\n<p>&nbsp;<\/p>\n<p style=\"text-align: justify;\"><span style=\"font-family: times new roman, times, serif; font-size: 18pt;\"><strong>L\u2019application belge sera bien un outil de \u00ab contacts tracing \u00bb et non de \u00ab tracking \u00bb, \u00ab \u00e0 la chinoise \u00bb. <\/strong> <a href=\"http:\/\/blog.lesgrossesorchadeslesamplesthalameges.fr\/wp-content\/uploads\/2020\/07\/e\u00f9oticone-GIF.gif\"><img loading=\"lazy\" class=\"alignnone wp-image-11662\" src=\"http:\/\/blog.lesgrossesorchadeslesamplesthalameges.fr\/wp-content\/uploads\/2020\/07\/e\u00f9oticone-GIF.gif\" alt=\"\" width=\"50\" height=\"34\" \/><\/a><strong>\u00a0\u00a0\u00a9 Belga<\/strong>.<\/span><\/p>\n<p>&nbsp;<\/p>\n<p>&nbsp;<\/p>\n<p style=\"text-align: justify;\"><span style=\"font-family: times new roman, times, serif; font-size: 18pt;\"><a href=\"http:\/\/blog.lesgrossesorchadeslesamplesthalameges.fr\/wp-content\/uploads\/2020\/07\/tra\u00e7age-2.jpg\"><img loading=\"lazy\" class=\"alignnone wp-image-11664\" src=\"http:\/\/blog.lesgrossesorchadeslesamplesthalameges.fr\/wp-content\/uploads\/2020\/07\/tra\u00e7age-2.jpg\" alt=\"\" width=\"100\" height=\"100\" \/><\/a>\u00a0\u00a0<\/span><\/p>\n<p style=\"text-align: justify;\"><span style=\"font-family: times new roman, times, serif; font-size: 14pt;\">Par <a href=\"https:\/\/plus.lesoir.be\/74220\/dpi-authors\/philippe-laloux\">Philippe Laloux<\/a><\/span><\/p>\n<p style=\"text-align: justify;\"><span style=\"font-family: times new roman, times, serif; font-size: 14pt;\">Responsable du p\u00f4le Multim\u00e9dias Le 23\/07\/2020 \u00e0 06:00<\/span><\/p>\n<p>&nbsp;<\/p>\n<p style=\"text-align: justify;\"><span style=\"font-family: times new roman, times, serif; font-size: 14pt;\">D\u00e8s le mois de septembre, la Belgique devrait disposer d\u2019une application de tra\u00e7age num\u00e9rique pour compl\u00e9ter son arsenal de lutte contre le coronovirus. Enfin, quand on dit \u00ab\u00a0la Belgique\u00a0\u00bb, on devrait plut\u00f4t dire communaut\u00e9s, r\u00e9gions et f\u00e9d\u00e9ral, la mati\u00e8re relevant de chacune des couches de la lasagne institutionnelle belge. Tous ont r\u00e9ussi \u00e0 accorder leur violon sur le protocole \u00e0 adopter. Et ont d\u00e9cid\u00e9, ce mercredi en comit\u00e9 interminist\u00e9riel, de confirmer l\u2019attribution du march\u00e9 \u00e0 la soci\u00e9t\u00e9 bruxelloise Devside, accompagn\u00e9e d\u2019un consortium et de plusieurs universit\u00e9s belges. A charge pour elle de d\u00e9velopper l\u2019application qui, si elle est largement adopt\u00e9e par la population, devrait permettre \u00e0 chacun de savoir s\u2019il a \u00e9t\u00e9 en contact avec une personne contamin\u00e9e. Et, le cas \u00e9ch\u00e9ant, de prendre les mesures sanitaires ad\u00e9quates.<\/span><\/p>\n<h4 style=\"text-align: justify;\"><span style=\"font-family: times new roman, times, serif; font-size: 14pt;\">Lire aussi <a href=\"https:\/\/plus.lesoir.be\/311714\/article\/2020-07-07\/coronavirus-lapplication-belge-de-tracing-sera-prete-en-septembre\">Coronavirus: l\u2019application belge de tracing sera pr\u00eate en septembre<\/a><\/span><\/h4>\n<p style=\"text-align: justify;\"><span style=\"font-family: times new roman, times, serif; font-size: 14pt;\">Une telle application n\u2019est pas anodine, tant elle r\u00e9veille les fantasmes d\u2019un dispositif de surveillance de masse. Ce qui, est-il \u00e9crit noir sur blanc dans l\u2019accord de coop\u00e9ration, ne pourrait pas \u00eatre le cas. Particuli\u00e8rement au taquet sur la question, l\u2019Autorit\u00e9 de protection des donn\u00e9es veille au grain.<\/span><\/p>\n<p style=\"text-align: justify;\"><span style=\"font-family: times new roman, times, serif; font-size: 14pt;\">On d\u00e9crypte son fonctionnement.<\/span><\/p>\n<p style=\"text-align: right;\"><span style=\"font-family: times new roman, times, serif; font-size: 14pt;\"><a href=\"https:\/\/plus.lesoir.be\/314771\/article\/2020-07-23\/comment-fonctionnera-lapplication-belge-de-tracage-corona?utm_source=a_la_une&amp;utm_medium=newsletter_le_soir&amp;utm_campaign=a_la_une_23072020&amp;utm_term=comment-fonctionnera-lapplication-belge-de-tracage-corona&amp;utm_content=Article2&amp;m_i=Za5BIPDgfLrU8R1n5Z%2BoSVRhFzjEr0vZk77xVj0zmCnJUPB5PRCuBeFM_ddmrsqiT1Wo58nLrq0ABTsds7wSYKAdmnoZZy&amp;M_BT=695726311081\"><strong><span style=\"font-family: arial black, sans-serif;\">Lire la suite\u2026<\/span><\/strong><\/a><\/span><\/p>\n<p style=\"text-align: justify;\"><span style=\"font-family: times new roman, times, serif; font-size: 14pt;\">Source\u00a0: <a href=\"https:\/\/plus.lesoir.be\/314771\/article\/2020-07-23\/comment-fonctionnera-lapplication-belge-de-tracage-corona?utm_source=a_la_une&amp;utm_medium=newsletter_le_soir&amp;utm_campaign=a_la_une_23072020&amp;utm_term=comment-fonctionnera-lapplication-belge-de-tracage-corona&amp;utm_content=Article2&amp;m_i=Za5BIPDgfLrU8R1n5Z%2BoSVRhFzjEr0vZk77xVj0zmCnJUPB5PRCuBeFM_ddmrsqiT1Wo58nLrq0ABTsds7wSYKAdmnoZZy&amp;M_BT=695726311081\">lesoir.be<\/a><\/span><\/p>\n<p>&nbsp;<\/p>\n<p style=\"text-align: justify;\"><span style=\"font-family: comic sans ms, sans-serif; font-size: 14pt; color: #c00000;\"><strong>Vous avez vot\u00e9 pour \u00e7a, vous\u00a0? L\u00e9chez vos plaies.<\/strong><\/span><\/p>\n<p>&nbsp;<\/p>\n<p>&nbsp;<\/p>\n<p style=\"text-align: center;\"><span style=\"font-family: times new roman, times, serif; font-size: 14pt;\"><strong>\u00a0<a href=\"http:\/\/blog.lesgrossesorchadeslesamplesthalameges.fr\/wp-content\/uploads\/2020\/07\/Coronavirus-scary-monster-GIF-Juste.gif\"><img loading=\"lazy\" class=\"alignnone wp-image-11653\" src=\"http:\/\/blog.lesgrossesorchadeslesamplesthalameges.fr\/wp-content\/uploads\/2020\/07\/Coronavirus-scary-monster-GIF-Juste-300x292.gif\" alt=\"\" width=\"150\" height=\"146\" \/><\/a><\/strong><\/span><\/p>\n<p>&nbsp;<\/p>\n<p style=\"text-align: center;\"><span style=\"font-family: times new roman, times, serif; font-size: 24pt; color: #c00000;\"><strong>En France\u00a0:<\/strong><\/span><\/p>\n<p>&nbsp;<\/p>\n<p style=\"text-align: center;\"><span style=\"font-family: times new roman, times, serif; font-size: 36pt;\"><strong>Un affreux cauchemar<\/strong><\/span><\/p>\n<p style=\"text-align: justify;\"><span style=\"font-family: times new roman, times, serif; font-size: 14pt;\"><strong>\u00a0<\/strong><\/span><\/p>\n<p style=\"text-align: center;\"><span style=\"font-family: times new roman, times, serif; font-size: 18pt;\"><strong>Fran\u00e7ois Falcon \u2013 <em>Boulevard Voltaire<\/em> \u2013 21.7.2020<\/strong><\/span><\/p>\n<p>&nbsp;<\/p>\n<p>&nbsp;<\/p>\n<p style=\"text-align: center;\"><a href=\"http:\/\/blog.lesgrossesorchadeslesamplesthalameges.fr\/wp-content\/uploads\/2020\/07\/Virus-envahisseur-Voltaire.png\"><img loading=\"lazy\" class=\"alignnone wp-image-11665 size-full\" src=\"http:\/\/blog.lesgrossesorchadeslesamplesthalameges.fr\/wp-content\/uploads\/2020\/07\/Virus-envahisseur-Voltaire.png\" alt=\"\" width=\"600\" height=\"370\" srcset=\"https:\/\/blog.lesgrossesorchadeslesamplesthalameges.fr\/wp-content\/uploads\/2020\/07\/Virus-envahisseur-Voltaire.png 600w, https:\/\/blog.lesgrossesorchadeslesamplesthalameges.fr\/wp-content\/uploads\/2020\/07\/Virus-envahisseur-Voltaire-300x185.png 300w\" sizes=\"(max-width: 600px) 100vw, 600px\" \/><\/a><\/p>\n<p>&nbsp;<\/p>\n<p>&nbsp;<\/p>\n<p style=\"text-align: justify;\"><span style=\"font-family: times new roman, times, serif; font-size: 14pt;\">Avec cette propagande massive au sujet du Covid-19, j\u2019ai fait un affreux cauchemar. Dans mon r\u00eave, un virulent virus apparaissait dans un pays lointain et s\u00e9vissait ensuite dans une poign\u00e9e de m\u00e9tropoles ; au bout de quelques mois, cependant, ce virus avait compl\u00e8tement perdu sa capacit\u00e9 de nuisance.<\/span><\/p>\n<p style=\"text-align: justify;\"><span style=\"font-family: times new roman, times, serif; font-size: 14pt;\">Curieusement, et c\u2019est l\u00e0 que j\u2019ai compris que c\u2019\u00e9tait un cauchemar, les autorit\u00e9s politiques et les grands pr\u00eatres ou pr\u00eatresses m\u00e9diatiques continuaient \u00e0 distiller la peur dans la population. Comme les chiffres artificiellement gonfl\u00e9s des hospitalisations et des d\u00e9c\u00e8s restaient ridiculement faibles, on amusait la galerie avec des histoires de clusters et de taux de reproduction du virus. Personne ne semblait se soucier du fait que si le virus circulait, il ne rendait plus personne malade, au m\u00eame titre que des millions d\u2019autres virus en suspension.<\/span><\/p>\n<p style=\"text-align: justify;\"><span style=\"font-family: times new roman, times, serif; font-size: 14pt;\">Cette peur savamment entretenue permettait \u00e0 des organisations internationales et \u00e0 des gouvernements cyniques ou l\u00e2ches d\u2019imposer des contraintes insens\u00e9es \u00e0 la population : port du masque, distanciation, reconfinement\u2026 Et les cons\u00e9quences \u00e9taient apocalyptiques, des milliers d\u2019entreprises d\u00e9posaient le bilan tandis que la folie gagnait peu \u00e0 peu les foyers mis en r\u00e9sidence surveill\u00e9e, les violences intrafamiliales explosaient sans que la d\u00e9linquance de rue ne diminue car, dans mon cauchemar, seuls les criminels conservaient une pleine libert\u00e9 de circulation.<\/span><\/p>\n<p style=\"text-align: justify;\"><span style=\"font-family: times new roman, times, serif; font-size: 14pt;\">Un jour, cependant, les m\u00e9dias et les dirigeants qui pers\u00e9cutaient la population firent une annonce triomphale : on avait trouv\u00e9 un vaccin efficace contre le virus inefficace ! Les ge\u00f4liers devenaient des lib\u00e9rateurs et annon\u00e7aient que tous ceux qui se feraient vacciner pourraient reprendre une vie normale ; bien s\u00fbr, pour pouvoir prendre des transports publics ou entrer dans un commerce, il fallait prouver que l\u2019on \u00e9tait bien vaccin\u00e9, et comme il e\u00fbt \u00e9t\u00e9 fastidieux de montrer sa carte de vaccination \u00e0 tout bout de champ, le plus simple \u00e9tait de se faire implanter une petite puce sur la main ou sur le front. Ceux qui refusaient cette solution se condamnaient eux-m\u00eames \u00e0 une vie de paria.<\/span><\/p>\n<p style=\"text-align: justify;\"><span style=\"font-family: times new roman, times, serif; font-size: 14pt;\">Je vis alors l\u2019immense cohorte de ceux qui avaient accept\u00e9 de se laisser soigner et tracer comme du b\u00e9tail. Ils sortaient, ivres de joie, dans les rues et jetaient leurs masques en l\u2019air en louant la sagesse et la bont\u00e9 de leurs ma\u00eetres ; mais, horreur, sous ce masque, ce n\u2019\u00e9tait plus des visages d\u2019hommes mais des t\u00eates de veaux. Les hommes-veaux se dirigeaient vers un sombre b\u00e2timent au-dessus duquel \u00e9taient \u00e9crits des mots effrayants : esclavage, abattoir, enfer\u2026<\/span><\/p>\n<p style=\"text-align: justify;\"><span style=\"font-family: times new roman, times, serif; font-size: 14pt;\">C\u2019est \u00e0 ce moment-l\u00e0 que je me suis r\u00e9veill\u00e9 et que je suis sorti de cet invraisemblable cauchemar.<\/span><\/p>\n<p style=\"text-align: justify;\"><span style=\"font-family: times new roman, times, serif; font-size: 14pt;\">Source\u00a0: <a href=\"https:\/\/www.bvoltaire.fr\/un-affreux-cauchemar\/\">https:\/\/www.bvoltaire.fr\/un-affreux-cauchemar\/<\/a>\u00a0<\/span><\/p>\n<p style=\"text-align: justify;\"><span style=\"font-family: times new roman, times, serif; font-size: 14pt;\">\u00a0<\/span><\/p>\n<p>&nbsp;<\/p>\n<p style=\"text-align: center;\"><strong><a href=\"http:\/\/blog.lesgrossesorchadeslesamplesthalameges.fr\/wp-content\/uploads\/2020\/07\/Coronavirus-scary-monster-GIF-Juste.gif\"><img loading=\"lazy\" class=\"alignnone wp-image-11653\" src=\"http:\/\/blog.lesgrossesorchadeslesamplesthalameges.fr\/wp-content\/uploads\/2020\/07\/Coronavirus-scary-monster-GIF-Juste-300x292.gif\" alt=\"\" width=\"150\" height=\"146\" \/><\/a><\/strong><\/p>\n<p>&nbsp;<\/p>\n<p>&nbsp;<\/p>\n<p style=\"text-align: center;\"><span style=\"font-family: times new roman, times, serif; font-size: 36pt;\"><strong>Billet pavlovien\u00a0:<\/strong><\/span><\/p>\n<p style=\"text-align: center;\"><span style=\"font-family: times new roman, times, serif; font-size: 36pt;\"><strong>quand les populations doivent exiger le terrorisme sanitaire du coronavirus<\/strong><\/span><\/p>\n<p>&nbsp;<\/p>\n<p style=\"text-align: center;\"><span style=\"font-family: times new roman, times, serif;\"><strong><span style=\"font-size: 18pt;\">Karine Bechet-Golovko\u00a0 &#8211; <em>Russie Politics<\/em> &#8211; 16.7.2020<\/span> <\/strong><\/span><\/p>\n<p>&nbsp;<\/p>\n<p style=\"text-align: justify;\"><span style=\"font-family: times new roman, times, serif; font-size: 14pt;\"><strong>\u00a0<\/strong><\/span><\/p>\n<p style=\"text-align: center;\"><a href=\"http:\/\/blog.lesgrossesorchadeslesamplesthalameges.fr\/wp-content\/uploads\/2020\/07\/PALOV-GIF.gif\"><img loading=\"lazy\" class=\"alignnone wp-image-11666\" src=\"http:\/\/blog.lesgrossesorchadeslesamplesthalameges.fr\/wp-content\/uploads\/2020\/07\/PALOV-GIF-300x252.gif\" alt=\"\" width=\"400\" height=\"336\" \/><\/a><\/p>\n<p>&nbsp;<\/p>\n<p>&nbsp;<\/p>\n<p style=\"text-align: justify;\"><span style=\"font-family: times new roman, times, serif; font-size: 14pt;\">Apr\u00e8s la furie des masques, bonjour la furie des tests, en attendant celle des vaccins. Avec le coronavirus, on a r\u00e9ussi \u00e0 d\u00e9velopper les r\u00e9flexes pavloviens dans nos soci\u00e9t\u00e9s terroris\u00e9es. Chacun s&rsquo;insurge \u00e0 qui mieux contre l&rsquo;absence de d\u00e9pistage du coronavirus pour voyager. Quelle chance que cette masse hyst\u00e9rique acc\u00e9l\u00e8re l&rsquo;av\u00e8nement du Nouveau Monde. Allons au bout de la logique : seules les personnes saines ont le droit de voyager (pourquoi s&rsquo;arr\u00eater au coronavirus?); seules les personnes saines ont le droit de sortir de chez elles (pourquoi s&rsquo;arr\u00eater aux voyages?). <em>Seules les personnes saines ont le droit d&rsquo;exister. <\/em>Ainsi, nous pourrons c\u00e9l\u00e9brer l&rsquo;av\u00e8nement de la soci\u00e9t\u00e9, qui doit \u00eatre propre, belle. De l&rsquo;humanit\u00e9 propre, nettoy\u00e9e. Les vieux &#8211; interdits de sortie, c&rsquo;est moche et en plus \u00e7a contamine. Les handicap\u00e9s et les malades chroniques, idem. On teste tout : le SIDA, la grippe, les h\u00e9patites, constamment, toutes les maladies, pour sortir de chez soi et nous obtiendrons enfin un monde s\u00fbr &#8211; un monde inhumain.<\/span><\/p>\n<p style=\"text-align: right;\"><span style=\"font-family: times new roman, times, serif; font-size: 14pt;\"><a href=\"http:\/\/russiepolitics.blogspot.com\/2020\/07\/billet-pavlovien-quand-les-populations.html\"><strong><span style=\"font-family: arial black, sans-serif;\">Lire la suite\u2026<\/span><\/strong><\/a><\/span><\/p>\n<p style=\"text-align: left;\"><span style=\"font-family: times new roman, times, serif; font-size: 14pt;\">Source\u00a0: <a href=\"http:\/\/russiepolitics.blogspot.com\/2020\/07\/billet-pavlovien-quand-les-populations.html\">http:\/\/russiepolitics.blogspot.com\/2020\/07\/billet-pavlovien-quand-les-populations.html<\/a><\/span><\/p>\n<p>&nbsp;<\/p>\n<p>&nbsp;<\/p>\n<p style=\"text-align: center;\"><span style=\"font-family: times new roman, times, serif; font-size: 14pt;\"><strong><em>\u00a0<a href=\"http:\/\/blog.lesgrossesorchadeslesamplesthalameges.fr\/wp-content\/uploads\/2020\/07\/COVID-masqu\u00e9-GF.gif\"><img loading=\"lazy\" class=\"alignnone wp-image-11652\" src=\"http:\/\/blog.lesgrossesorchadeslesamplesthalameges.fr\/wp-content\/uploads\/2020\/07\/COVID-masqu\u00e9-GF.gif\" alt=\"\" width=\"75\" height=\"75\" \/><\/a><\/em><\/strong><\/span><\/p>\n<p>&nbsp;<\/p>\n<p style=\"text-align: justify;\"><span style=\"font-family: times new roman, times, serif; font-size: 18pt; color: #c00000;\"><strong><em>Une fable\u00a0:<\/em><\/strong><\/span><\/p>\n<p style=\"text-align: justify;\"><span style=\"font-family: times new roman, times, serif; font-size: 14pt;\"><strong><em>\u00a0<\/em><\/strong><\/span><\/p>\n<p style=\"text-align: center;\"><span style=\"font-family: times new roman, times, serif; font-size: 36pt;\"><strong>LE LOUP ET LE CHIEN<\/strong><\/span><\/p>\n<p style=\"text-align: justify;\"><span style=\"font-family: times new roman, times, serif; font-size: 14pt;\"><strong>\u00a0<\/strong><\/span><\/p>\n<p style=\"text-align: center;\"><span style=\"font-family: times new roman, times, serif; font-size: 18pt;\"><strong>Jean de la Fontaine<\/strong><\/span><\/p>\n<p style=\"text-align: justify;\"><span style=\"font-family: times new roman, times, serif; font-size: 14pt;\"><em>\u00a0<\/em><\/span><\/p>\n<p>&nbsp;<\/p>\n<p style=\"text-align: center;\"><span style=\"font-family: times new roman, times, serif; font-size: 14pt;\"><em>\u00a0<a href=\"http:\/\/blog.lesgrossesorchadeslesamplesthalameges.fr\/wp-content\/uploads\/2020\/07\/dogue-masqu\u00e9.jpg\"><img loading=\"lazy\" class=\"alignnone wp-image-11667 size-full\" src=\"http:\/\/blog.lesgrossesorchadeslesamplesthalameges.fr\/wp-content\/uploads\/2020\/07\/dogue-masqu\u00e9.jpg\" alt=\"\" width=\"500\" height=\"374\" srcset=\"https:\/\/blog.lesgrossesorchadeslesamplesthalameges.fr\/wp-content\/uploads\/2020\/07\/dogue-masqu\u00e9.jpg 500w, https:\/\/blog.lesgrossesorchadeslesamplesthalameges.fr\/wp-content\/uploads\/2020\/07\/dogue-masqu\u00e9-300x224.jpg 300w\" sizes=\"(max-width: 500px) 100vw, 500px\" \/><\/a><\/em><\/span><\/p>\n<p>&nbsp;<\/p>\n<p>&nbsp;<\/p>\n<p style=\"text-align: justify; padding-left: 120px;\"><span style=\"font-family: times new roman, times, serif; font-size: 14pt;\"><em>Un Loup n&rsquo;avait que les os et la peau,<br \/>\nTant les chiens faisaient bonne garde.<br \/>\nCe Loup rencontre un Dogue aussi puissant que beau,<br \/>\nGras, poli, qui s&rsquo;\u00e9tait fourvoy\u00e9 par m\u00e9garde.<br \/>\nL&rsquo;attaquer, le mettre en quartiers,<br \/>\nSire Loup l&rsquo;e\u00fbt fait volontiers\u00a0;<br \/>\nMais il fallait livrer bataille,<br \/>\nEt le M\u00e2tin \u00e9tait de taille<br \/>\n\u00c0 se d\u00e9fendre hardiment.<br \/>\nLe Loup donc l&rsquo;aborde humblement,<br \/>\nEntre en propos, et lui fait compliment<br \/>\nSur son embonpoint, qu&rsquo;il admire.<br \/>\n\u00ab\u00a0Il ne tiendra qu&rsquo;\u00e0 vous beau sire,<br \/>\nD&rsquo;\u00eatre aussi gras que moi, lui repartit le Chien.<br \/>\nQuittez les bois, vous ferez bien\u00a0:<br \/>\nVos pareils y sont mis\u00e9rables,<br \/>\nCancres, h\u00e8res, et pauvres diables,<br \/>\nDont la condition est de mourir de faim.<br \/>\nCar quoi\u00a0? rien d&rsquo;assur\u00e9\u00a0: point de franche lipp\u00e9e\u00a0;<br \/>\nTout \u00e0 la pointe de l&rsquo;\u00e9p\u00e9e.<br \/>\nSuivez-moi\u00a0: vous aurez un bien meilleur destin.\u00a0\u00bb<br \/>\nLe Loup reprit\u00a0: \u00ab\u00a0Que me faudra-t-il faire\u00a0?<br \/>\n\u2013 Presque rien, dit le Chien, donner la chasse aux gens<br \/>\nPortants b\u00e2tons, et mendiants\u00a0;<br \/>\nFlatter ceux du logis, \u00e0 son Ma\u00eetre complaire\u00a0:<br \/>\nMoyennant quoi votre salaire<br \/>\nSera force reliefs de toutes les fa\u00e7ons\u00a0:<br \/>\nOs de poulets, os de pigeons,<br \/>\nSans parler de mainte caresse.\u00a0\u00bb<br \/>\nLe Loup d\u00e9j\u00e0 se forge une f\u00e9licit\u00e9<br \/>\nQui le fait pleurer de tendresse.<br \/>\nChemin faisant, il vit le col du Chien pel\u00e9.<br \/>\n\u00ab\u00a0Qu&rsquo;est-ce l\u00e0\u00a0? lui dit-il. \u2013 Rien. \u2013 Quoi\u00a0? rien\u00a0? \u2013 Peu de chose.<br \/>\n\u2013 Mais encore\u00a0? \u2013 Le collier dont je suis attach\u00e9<br \/>\nDe ce que vous voyez est peut-\u00eatre la cause.<br \/>\n\u2013 Attach\u00e9\u00a0? dit le Loup\u00a0: vous ne courez donc pas<br \/>\nO\u00f9 vous voulez\u00a0? &#8211; Pas toujours\u00a0; mais qu&rsquo;importe\u00a0?<br \/>\n\u2013 Il importe si bien, que de tous vos repas<br \/>\nJe ne veux en aucune sorte,<br \/>\nEt ne voudrais pas m\u00eame \u00e0 ce prix un tr\u00e9sor.\u00a0\u00bb<br \/>\nCela dit, ma\u00eetre Loup s&rsquo;enfuit, et court encor. <\/em><\/span><\/p>\n<p style=\"text-align: right;\"><span style=\"font-family: times new roman, times, serif; font-size: 14pt;\"><a href=\"https:\/\/fr.wikipedia.org\/wiki\/Fables_de_La_Fontaine\"><em>Fables de La Fontaine<\/em><\/a>, Livre I, Fable V.<\/span><\/p>\n<p>&nbsp;<\/p>\n<p>&nbsp;<\/p>\n<p style=\"text-align: center;\"><strong><em><a href=\"http:\/\/blog.lesgrossesorchadeslesamplesthalameges.fr\/wp-content\/uploads\/2020\/07\/COVID-masqu\u00e9-GF.gif\"><img loading=\"lazy\" class=\"alignnone wp-image-11652\" src=\"http:\/\/blog.lesgrossesorchadeslesamplesthalameges.fr\/wp-content\/uploads\/2020\/07\/COVID-masqu\u00e9-GF.gif\" alt=\"\" width=\"75\" height=\"75\" \/><\/a><\/em><\/strong><\/p>\n<p>&nbsp;<\/p>\n<p>&nbsp;<\/p>\n<p style=\"text-align: center;\"><span style=\"font-family: times new roman, times, serif; font-size: 36pt;\"><strong>Coronavirus &#8211; Olivier V\u00e9ran avoue que le virus ne circule pas ou peu en France (vid\u00e9o 1&rsquo;36)\u00a0:<\/strong><\/span><\/p>\n<p>&nbsp;<\/p>\n<p style=\"text-align: center;\"><a href=\"http:\/\/blog.lesgrossesorchadeslesamplesthalameges.fr\/wp-content\/uploads\/2020\/07\/000.-freccia-nera-piccola-xx-1.gif\"><img loading=\"lazy\" class=\"alignnone size-full wp-image-11668\" src=\"http:\/\/blog.lesgrossesorchadeslesamplesthalameges.fr\/wp-content\/uploads\/2020\/07\/000.-freccia-nera-piccola-xx-1.gif\" alt=\"\" width=\"46\" height=\"46\" \/><\/a><\/p>\n<p style=\"text-align: center;\"><span style=\"font-family: times new roman, times, serif; font-size: 18pt;\"><a href=\"http:\/\/mai68.org\/spip2\/spip.php?article6560\"><strong>http:\/\/mai68.org\/spip2\/spip.php?article6560<\/strong><\/a><\/span><\/p>\n<p>&nbsp;<\/p>\n<p>&nbsp;<\/p>\n<p style=\"text-align: justify;\"><span style=\"font-family: times new roman, times, serif; font-size: 14pt;\">Enregistr\u00e9 le 22 juillet 2020 lors du 20 heures de France 2<\/span><\/p>\n<p style=\"text-align: justify;\"><span style=\"font-family: times new roman, times, serif; font-size: 14pt;\">Olivier V\u00e9ran est le ministre de la Sant\u00e9<\/span><\/p>\n<p style=\"text-align: justify;\"><span style=\"font-family: times new roman, times, serif; font-size: 14pt;\">On nous fait chier pour rien avec les masques.<\/span><\/p>\n<p style=\"text-align: justify;\"><span style=\"font-family: times new roman, times, serif; font-size: 14pt;\">C&rsquo;est juste un test de soumission !<\/span><\/p>\n<p style=\"text-align: justify;\"><span style=\"font-family: times new roman, times, serif; font-size: 14pt;\">Bien \u00e0 vous<\/span><\/p>\n<p style=\"text-align: justify;\"><span style=\"font-family: times new roman, times, serif; font-size: 14pt;\">do<\/span><\/p>\n<p style=\"text-align: justify;\"><span style=\"font-family: times new roman, times, serif; font-size: 14pt;\">23 juillet 2020<\/span><\/p>\n<p style=\"text-align: justify;\"><span style=\"font-family: times new roman, times, serif; font-size: 14pt;\"><a href=\"http:\/\/mai68.org\/spip2\"><strong><span style=\"font-size: 18pt;\">http:\/\/mai68.org\/spip2<\/span><\/strong><\/a><\/span><\/p>\n<p>&nbsp;<\/p>\n<p>&nbsp;<\/p>\n<p style=\"text-align: center;\"><a href=\"http:\/\/blog.lesgrossesorchadeslesamplesthalameges.fr\/wp-content\/uploads\/2020\/07\/COVID-masqu\u00e9-GF.gif\"><img loading=\"lazy\" class=\"alignnone wp-image-11652\" src=\"http:\/\/blog.lesgrossesorchadeslesamplesthalameges.fr\/wp-content\/uploads\/2020\/07\/COVID-masqu\u00e9-GF.gif\" alt=\"\" width=\"75\" height=\"75\" \/><\/a><\/p>\n<p>&nbsp;<\/p>\n<p>&nbsp;<\/p>\n<p style=\"text-align: center;\"><span style=\"font-family: times new roman, times, serif; font-size: 36pt;\"><strong>Caract\u00e8re obligatoire, utilit\u00e9, effets&#8230; Les \u00ab\u00a0anti-masque\u00a0\u00bb se mobilisent dans le monde<\/strong><\/span><\/p>\n<p style=\"text-align: justify;\"><span style=\"font-family: times new roman, times, serif; font-size: 14pt;\"><strong><em>\u00a0<\/em><\/strong><\/span><\/p>\n<p style=\"text-align: center;\"><span style=\"font-family: times new roman, times, serif; font-size: 18pt;\"><strong><em>RT France<\/em><\/strong><strong> \u2013 20.7.2020<\/strong><\/span><\/p>\n<p style=\"text-align: justify;\"><span style=\"font-family: times new roman, times, serif; font-size: 14pt;\"><strong>\u00a0<\/strong><\/span><\/p>\n<p>&nbsp;<\/p>\n<p style=\"text-align: center;\"><span style=\"font-family: times new roman, times, serif; font-size: 14pt;\"><strong>\u00a0<a href=\"http:\/\/blog.lesgrossesorchadeslesamplesthalameges.fr\/wp-content\/uploads\/2020\/07\/Antimasques-RT.jpg\"><img loading=\"lazy\" class=\"alignnone wp-image-11669 size-full\" src=\"http:\/\/blog.lesgrossesorchadeslesamplesthalameges.fr\/wp-content\/uploads\/2020\/07\/Antimasques-RT.jpg\" alt=\"\" width=\"600\" height=\"337\" srcset=\"https:\/\/blog.lesgrossesorchadeslesamplesthalameges.fr\/wp-content\/uploads\/2020\/07\/Antimasques-RT.jpg 600w, https:\/\/blog.lesgrossesorchadeslesamplesthalameges.fr\/wp-content\/uploads\/2020\/07\/Antimasques-RT-300x169.jpg 300w\" sizes=\"(max-width: 600px) 100vw, 600px\" \/><\/a><\/strong><\/span><\/p>\n<p style=\"text-align: center;\"><span style=\"font-family: times new roman, times, serif; font-size: 12pt;\"><strong><em>Caract\u00e8re obligatoire, utilit\u00e9, effets&#8230; Les \u00ab\u00a0anti-masque\u00a0\u00bb se mobilisent dans le monde &#8211; Manifestation organis\u00e9e par \u00ab\u00a0Keep Britain Free\u00a0\u00bb \u00e0 Londres le 19 juillet 2020<\/em> <\/strong><\/span><\/p>\n<p>&nbsp;<\/p>\n<p>&nbsp;<\/p>\n<p style=\"text-align: justify;\"><span style=\"font-family: times new roman, times, serif; font-size: 14pt;\">Dans plusieurs pays, des groupes de citoyens et associations manifestent depuis plusieurs jours contre le port du masque rendu obligatoire sous peine d&rsquo;amende. Ils mettent en question son efficacit\u00e9 et alertent sur sa potentielle dangerosit\u00e9. Plusieurs manifestations ont eu lieu en ce mois de juillet \u00e0 travers le monde contre la g\u00e9n\u00e9ralisation du port du masque obligatoire, notamment dans les transports en commun et les lieux publics, dans le cadre de la lutte contre la pand\u00e9mie de Covid-19. En Angleterre, au Canada mais aussi aux \u00c9tats-Unis, des associations et des mouvements de citoyens ont fait entendre leur opposition \u00e0 cette r\u00e9cente obligation. Des manifestations dans les pays anglophones. Rendu obligatoire dans tous les lieux clos ce 20 juillet en France, le port du masque sera \u00e9galement impos\u00e9 dans les magasins et les supermarch\u00e9s en Angleterre d\u00e8s le 24 juillet, sous peine d&rsquo;une amende de 100 livres sterling (environ 115 euros). De quoi rendre furieux une centaine de personnes du mouvement \u00ab\u00a0Keep Britain Free\u00a0\u00bb, qui se sont rassembl\u00e9es \u00e0 Londres le 19 juillet lors d&rsquo;une manifestation anti-masque.\u00a0\u00ab\u00a0Il s&rsquo;agit d&rsquo;un choix politique et non de sant\u00e9 publique\u00a0\u00bb, a estim\u00e9 l&rsquo;une des repr\u00e9sentantes du mouvement, dans une vid\u00e9o publi\u00e9e par le journal britannique <em>The Sun<\/em>. Certains protestataires arboraient sur eux ou sur des pancartes des slogans tels que : \u00ab\u00a0Flu world order\u00a0\u00bb [l&rsquo;ordre mondial de la grippe], \u00ab\u00a0l&rsquo;amour triomphe de la peur\u00a0\u00bb ou \u00ab\u00a02020 est le nouveau 1984\u00a0\u00bb en r\u00e9f\u00e9rence \u00e0 l&rsquo;ouvrage de George Orwell.<\/span><\/p>\n<p style=\"text-align: right;\"><strong><span style=\"font-family: arial black, sans-serif; font-size: 14pt;\"><a href=\"https:\/\/francais.rt.com\/international\/77057-caractere-obligatoire-utilite-effets-les-anti-masque-se-mobilisent-dans-le-monde\">Lire et voir la suite\u2026<\/a><\/span><\/strong><\/p>\n<p>&nbsp;<\/p>\n<p style=\"text-align: left;\"><span style=\"font-family: times new roman, times, serif; font-size: 14pt;\">Source : <a href=\"https:\/\/francais.rt.com\/international\/77057-caractere-obligatoire-utilite-effets-les-anti-masque-se-mobilisent-dans-le-monde\">https:\/\/francais.rt.com\/international\/77057-caractere-obligatoire-utilite-effets-les-anti-masque-se-mobilisent-dans-le-monde<\/a><\/span><\/p>\n<p>&nbsp;<\/p>\n<p>&nbsp;<\/p>\n<p style=\"text-align: center;\"><a href=\"http:\/\/blog.lesgrossesorchadeslesamplesthalameges.fr\/wp-content\/uploads\/2020\/07\/COVID-masqu\u00e9-GF.gif\"><img loading=\"lazy\" class=\"alignnone wp-image-11652\" src=\"http:\/\/blog.lesgrossesorchadeslesamplesthalameges.fr\/wp-content\/uploads\/2020\/07\/COVID-masqu\u00e9-GF.gif\" alt=\"\" width=\"75\" height=\"75\" \/><\/a><\/p>\n<p>&nbsp;<\/p>\n<p style=\"text-align: center;\"><span style=\"font-family: times new roman, times, serif; font-size: 36pt;\"><strong>Italie\u00a0:<\/strong><\/span><\/p>\n<p style=\"text-align: center;\"><span style=\"font-family: times new roman, times, serif; font-size: 36pt;\"><strong>Les mari\u00e9s de l&rsquo;an Covid 19<\/strong><\/span><\/p>\n<p>&nbsp;<\/p>\n<p style=\"text-align: center;\"><span style=\"font-family: times new roman, times, serif; font-size: 18pt;\"><strong><em>RT France<\/em><\/strong><strong> \u2013 9.7.2020<\/strong><\/span><\/p>\n<p>&nbsp;<\/p>\n<p style=\"text-align: justify;\"><span style=\"font-family: times new roman, times, serif; font-size: 14pt;\"><strong>\u00a0<\/strong><\/span><\/p>\n<p style=\"text-align: center;\"><span style=\"font-family: times new roman, times, serif; font-size: 14pt;\"><strong>\u00a0<a href=\"http:\/\/blog.lesgrossesorchadeslesamplesthalameges.fr\/wp-content\/uploads\/2020\/07\/Manifs-mari\u00e9es-Italie.jpg\"><img loading=\"lazy\" class=\"alignnone wp-image-11670 size-full\" src=\"http:\/\/blog.lesgrossesorchadeslesamplesthalameges.fr\/wp-content\/uploads\/2020\/07\/Manifs-mari\u00e9es-Italie.jpg\" alt=\"\" width=\"600\" height=\"400\" srcset=\"https:\/\/blog.lesgrossesorchadeslesamplesthalameges.fr\/wp-content\/uploads\/2020\/07\/Manifs-mari\u00e9es-Italie.jpg 600w, https:\/\/blog.lesgrossesorchadeslesamplesthalameges.fr\/wp-content\/uploads\/2020\/07\/Manifs-mari\u00e9es-Italie-300x200.jpg 300w\" sizes=\"(max-width: 600px) 100vw, 600px\" \/><\/a><\/strong><\/span><\/p>\n<p>&nbsp;<\/p>\n<p>&nbsp;<\/p>\n<p style=\"text-align: justify;\"><span style=\"font-family: tahoma, arial, helvetica, sans-serif; font-size: 14pt;\"><strong>Dans une Italie post-covid, le nombre de mariages se r\u00e9duit sensiblement tandis que le nombre de ceux qui manifestent contre les mesures restrictives pour se marier, s&rsquo;accro\u00eet.<\/strong><\/span><\/p>\n<p>&nbsp;<\/p>\n<p>&nbsp;<\/p>\n<p style=\"text-align: center;\"><span style=\"font-family: times new roman, times, serif; font-size: 14pt;\"><iframe loading=\"lazy\" src=\"\/\/www.youtube.com\/embed\/3uExyPj3Udk\" width=\"782\" height=\"440\" frameborder=\"0\" allowfullscreen=\"allowfullscreen\"><\/iframe><\/span><\/p>\n<p>&nbsp;<\/p>\n<p style=\"text-align: left;\"><span style=\"font-family: times new roman, times, serif; font-size: 14pt;\">Source\u00a0: \u00a0<a href=\"https:\/\/francais.rt.com\/videos\/76723-italie-maries-an-covid-19\">https:\/\/francais.rt.com\/videos\/76723-italie-maries-an-covid-19<\/a><\/span><\/p>\n<p>&nbsp;<\/p>\n<p>&nbsp;<\/p>\n<p style=\"text-align: center;\"><a href=\"http:\/\/blog.lesgrossesorchadeslesamplesthalameges.fr\/wp-content\/uploads\/2020\/07\/COVID-masqu\u00e9-GF.gif\"><img loading=\"lazy\" class=\"alignnone wp-image-11652\" src=\"http:\/\/blog.lesgrossesorchadeslesamplesthalameges.fr\/wp-content\/uploads\/2020\/07\/COVID-masqu\u00e9-GF.gif\" alt=\"\" width=\"75\" height=\"75\" \/><\/a><\/p>\n<p>&nbsp;<\/p>\n<p>&nbsp;<\/p>\n<p style=\"text-align: center;\"><span style=\"font-family: comic sans ms, sans-serif; font-size: 18pt; color: #c00000;\"><strong>Manifestations en tous genres, certes, c\u2019est sympa. M\u00e9senfin, ne serait-il pas plus simple et plus exp\u00e9ditif de sortir sans museli\u00e8re ? En masse.<\/strong><\/span><\/p>\n<p>&nbsp;<\/p>\n<p>&nbsp;<\/p>\n<p style=\"text-align: center;\"><a href=\"http:\/\/blog.lesgrossesorchadeslesamplesthalameges.fr\/wp-content\/uploads\/2020\/07\/David-dessin-espoir-France-web-fd3d4-2d7b9.jpg\"><img loading=\"lazy\" class=\"alignnone wp-image-11671\" src=\"http:\/\/blog.lesgrossesorchadeslesamplesthalameges.fr\/wp-content\/uploads\/2020\/07\/David-dessin-espoir-France-web-fd3d4-2d7b9.jpg\" alt=\"\" width=\"500\" height=\"700\" srcset=\"https:\/\/blog.lesgrossesorchadeslesamplesthalameges.fr\/wp-content\/uploads\/2020\/07\/David-dessin-espoir-France-web-fd3d4-2d7b9.jpg 595w, https:\/\/blog.lesgrossesorchadeslesamplesthalameges.fr\/wp-content\/uploads\/2020\/07\/David-dessin-espoir-France-web-fd3d4-2d7b9-214x300.jpg 214w\" sizes=\"(max-width: 500px) 100vw, 500px\" \/><\/a><\/p>\n<p>&nbsp;<\/p>\n<p style=\"text-align: center;\"><span style=\"font-family: comic sans ms, sans-serif; font-size: 18pt; color: #c00000;\"><strong>\u00a0<\/strong><\/span><\/p>\n<p style=\"text-align: center;\"><span style=\"font-family: times new roman, times, serif; font-size: 14pt;\"><strong>\u00a0<a href=\"http:\/\/blog.lesgrossesorchadeslesamplesthalameges.fr\/wp-content\/uploads\/2020\/07\/COVID-masqu\u00e9-GF.gif\"><img loading=\"lazy\" class=\"alignnone wp-image-11652\" src=\"http:\/\/blog.lesgrossesorchadeslesamplesthalameges.fr\/wp-content\/uploads\/2020\/07\/COVID-masqu\u00e9-GF.gif\" alt=\"\" width=\"75\" height=\"75\" \/><\/a><\/strong><\/span><\/p>\n<p>&nbsp;<\/p>\n<p style=\"text-align: justify;\"><span style=\"font-family: times new roman, times, serif; font-size: 14pt;\"><strong>\u00a0<\/strong><\/span><\/p>\n<p style=\"text-align: left;\"><span style=\"font-family: times new roman, times, serif; font-size: 18pt; color: #c00000;\"><strong><em>On ne saurait trop vous recommander, sur tout \u00e7a, le site de jbl 1960\u00a0en g\u00e9n\u00e9ral et ceci en particulier :<\/em><\/strong><\/span><\/p>\n<p>&nbsp;<\/p>\n<p>&nbsp;<\/p>\n<p style=\"text-align: center;\"><a href=\"http:\/\/blog.lesgrossesorchadeslesamplesthalameges.fr\/wp-content\/uploads\/2020\/07\/Mouton-masqu\u00e9.jpg\"><img loading=\"lazy\" class=\"alignnone wp-image-11672\" src=\"http:\/\/blog.lesgrossesorchadeslesamplesthalameges.fr\/wp-content\/uploads\/2020\/07\/Mouton-masqu\u00e9-300x174.jpg\" alt=\"\" width=\"400\" height=\"232\" srcset=\"https:\/\/blog.lesgrossesorchadeslesamplesthalameges.fr\/wp-content\/uploads\/2020\/07\/Mouton-masqu\u00e9-300x174.jpg 300w, https:\/\/blog.lesgrossesorchadeslesamplesthalameges.fr\/wp-content\/uploads\/2020\/07\/Mouton-masqu\u00e9.jpg 600w\" sizes=\"(max-width: 400px) 100vw, 400px\" \/><\/a><\/p>\n<p>&nbsp;<\/p>\n<p style=\"text-align: justify;\"><span style=\"font-family: times new roman, times, serif; font-size: 14pt;\"><a href=\"https:\/\/jbl1960blog.wordpress.com\/category\/fil-dactualite\/\">Fil d&rsquo;actualit\u00e9<\/a><\/span><\/p>\n<p style=\"text-align: center;\"><span style=\"font-family: times new roman, times, serif; font-size: 24pt;\"><strong>RAPPEL = LE PORT DU BOUILLON DE CULTURE EST OBLIGATOIRE ! (Vid\u00e9os + PDF + INFOS)<\/strong><\/span><\/p>\n<p style=\"text-align: center;\"><span style=\"font-family: times new roman, times, serif; font-size: 18pt;\"><a href=\"https:\/\/jbl1960blog.wordpress.com\/author\/jblalliaume\/\"><strong>jo Busta Lally<\/strong><\/a> <a href=\"https:\/\/jbl1960blog.wordpress.com\/2020\/07\/22\/rappel-le-port-du-bouillon-de-culture-est-obligatoire-videos-pdf-infos\/#comments\"><strong>\u2013<\/strong><\/a><strong> <em>jbl1960 <\/em>\u2013<\/strong><strong>21.7.2020<\/strong><\/span><\/p>\n<p>&nbsp;<\/p>\n<p style=\"text-align: center;\"><span style=\"font-size: 24pt;\"><a href=\"https:\/\/jbl1960blog.wordpress.com\/2020\/07\/19\/non-au-muselage-sanitaire-suite-et-pour-que-ce-ne-soit-pas-la-fin\/\"><strong>NON AU MUSELAGE SANITAIRE<\/strong><\/a><strong> !<\/strong><\/span><\/p>\n<p>&nbsp;<\/p>\n<p>&nbsp;<\/p>\n<p style=\"text-align: center;\"><span style=\"font-family: times new roman, times, serif; font-size: 14pt;\"><span style=\"font-size: 24pt; color: #800000;\"><strong><a href=\"http:\/\/blog.lesgrossesorchadeslesamplesthalameges.fr\/wp-content\/uploads\/2020\/07\/Soyons-clairs.png\"><img loading=\"lazy\" class=\"alignnone wp-image-11673 size-full\" src=\"http:\/\/blog.lesgrossesorchadeslesamplesthalameges.fr\/wp-content\/uploads\/2020\/07\/Soyons-clairs.png\" alt=\"\" width=\"680\" height=\"765\" srcset=\"https:\/\/blog.lesgrossesorchadeslesamplesthalameges.fr\/wp-content\/uploads\/2020\/07\/Soyons-clairs.png 680w, https:\/\/blog.lesgrossesorchadeslesamplesthalameges.fr\/wp-content\/uploads\/2020\/07\/Soyons-clairs-267x300.png 267w\" sizes=\"(max-width: 680px) 100vw, 680px\" \/><\/a><\/strong><\/span><\/span><\/p>\n<p style=\"text-align: center;\"><span style=\"font-family: times new roman, times, serif; font-size: 14pt;\"><strong>\u00a0<\/strong><\/span><\/p>\n<p style=\"text-align: center;\"><span style=\"font-family: times new roman, times, serif; font-size: 14pt;\"><a href=\"https:\/\/jbl1960blog.wordpress.com\/dossier-special-coronavirus\/\"><strong><span style=\"font-size: 18pt;\"><span style=\"font-size: 24pt;\">DOSSIER SP\u00c9CIAL CORONAVIRUS<\/span><\/span><\/strong><\/a><\/span><\/p>\n<p style=\"text-align: center;\"><span style=\"font-family: times new roman, times, serif; font-size: 14pt;\"><a href=\"https:\/\/jbl1960blog.wordpress.com\/2020\/07\/20\/linsoumission-un-facteur-de-notre-evolution-pdf-maj\/\"><strong>L\u2019INSOUMISSION, un facteur de notre \u00c9VOLUTION\u2026 (PDF M\u00e0J)<\/strong><\/a><strong> \u25ba <\/strong><\/span><\/p>\n<p>&nbsp;<\/p>\n<p style=\"text-align: center;\"><span style=\"font-family: times new roman, times, serif; font-size: 14pt;\"><a href=\"https:\/\/jbl1960blog.files.wordpress.com\/2020\/07\/non-au-muselage-sanitaire-insoumission-facteur-devolution-20-juillet-20-par-jbl.pdf\"><strong><span style=\"color: #000000;\">Source :<\/span>\u00a0 https:\/\/jbl1960blog.files.wordpress.com\/2020\/07\/non-au-muselage-sanitaire-insoumission-facteur-devolution-20-juillet-20-par-jbl.pdf<\/strong><\/a><\/span><\/p>\n<p>&nbsp;<\/p>\n<p>&nbsp;<\/p>\n<p style=\"text-align: center;\"><a href=\"http:\/\/blog.lesgrossesorchadeslesamplesthalameges.fr\/wp-content\/uploads\/2020\/07\/COVID-masqu\u00e9-GF.gif\"><img loading=\"lazy\" class=\"alignnone wp-image-11652\" src=\"http:\/\/blog.lesgrossesorchadeslesamplesthalameges.fr\/wp-content\/uploads\/2020\/07\/COVID-masqu\u00e9-GF.gif\" alt=\"\" width=\"75\" height=\"75\" \/><\/a><\/p>\n<p>&nbsp;<\/p>\n<p style=\"text-align: justify;\"><span style=\"font-family: times new roman, times, serif; font-size: 14pt;\"><strong>\u00a0<\/strong><\/span><\/p>\n<p style=\"text-align: justify;\"><span style=\"font-family: comic sans ms, sans-serif; font-size: 16pt;\"><strong>Cela dit, nous, on aimerait assez que tout le monde s\u2019arr\u00eate d\u2019insulter les animaux en les chargeant de nos tares humaines. Haro sur le baudet, sur les veaux, vaches, cochons, couv\u00e9es, moutons, m\u00e2tins, etc.\u00a0: basta\u00a0!<\/strong><\/span><\/p>\n<p>&nbsp;<\/p>\n<p>&nbsp;<\/p>\n<p style=\"text-align: center;\"><span style=\"font-family: times new roman, times, serif; font-size: 14pt;\"><strong>\u00a0<a href=\"http:\/\/blog.lesgrossesorchadeslesamplesthalameges.fr\/wp-content\/uploads\/2020\/07\/COVID-masqu\u00e9-GF.gif\"><img loading=\"lazy\" class=\"alignnone wp-image-11652\" src=\"http:\/\/blog.lesgrossesorchadeslesamplesthalameges.fr\/wp-content\/uploads\/2020\/07\/COVID-masqu\u00e9-GF.gif\" alt=\"\" width=\"75\" height=\"75\" \/><\/a><\/strong><\/span><\/p>\n<p>&nbsp;<\/p>\n<p>&nbsp;<\/p>\n<p style=\"text-align: left;\"><span style=\"font-family: times new roman, times, serif; font-size: 18pt; color: #c00000;\"><strong><em>Bien entendu, l\u2019Asie n\u2019est pas indemne de la pand\u00e9mie de connerie<\/em><\/strong>\u2026<\/span><\/p>\n<p style=\"text-align: justify;\"><span style=\"font-family: times new roman, times, serif; font-size: 14pt;\"><strong>\u00a0<\/strong><\/span><\/p>\n<p style=\"text-align: center;\"><span style=\"font-family: times new roman, times, serif; font-size: 36pt;\"><strong>Hong Kong, la Covidhyst\u00e9rie et la guerre du Nouveau monde<\/strong><\/span><\/p>\n<p style=\"text-align: center;\"><span style=\"font-family: times new roman, times, serif; font-size: 14pt;\"><strong>\u00a0<\/strong><\/span><\/p>\n<p style=\"text-align: center;\"><span style=\"font-family: times new roman, times, serif; font-size: 18pt;\"><strong>Karine Bechet-Golovko \u2013 <em>Russie Politics <\/em>\u2013 21.7.2020<\/strong><\/span><\/p>\n<p>&nbsp;<\/p>\n<p>&nbsp;<\/p>\n<p style=\"text-align: center;\"><a href=\"http:\/\/blog.lesgrossesorchadeslesamplesthalameges.fr\/wp-content\/uploads\/2020\/07\/Hong-Kog-Covidhyst\u00e9rie.png\"><img loading=\"lazy\" class=\"alignnone wp-image-11674 size-full\" src=\"http:\/\/blog.lesgrossesorchadeslesamplesthalameges.fr\/wp-content\/uploads\/2020\/07\/Hong-Kog-Covidhyst\u00e9rie.png\" alt=\"\" width=\"600\" height=\"336\" srcset=\"https:\/\/blog.lesgrossesorchadeslesamplesthalameges.fr\/wp-content\/uploads\/2020\/07\/Hong-Kog-Covidhyst\u00e9rie.png 600w, https:\/\/blog.lesgrossesorchadeslesamplesthalameges.fr\/wp-content\/uploads\/2020\/07\/Hong-Kog-Covidhyst\u00e9rie-300x168.png 300w\" sizes=\"(max-width: 600px) 100vw, 600px\" \/><\/a><\/p>\n<p style=\"text-align: center;\"><span style=\"font-family: times new roman, times, serif; font-size: 14pt;\"><strong>\u00a0<\/strong><\/span><\/p>\n<p style=\"text-align: justify;\"><span style=\"font-family: times new roman, times, serif; font-size: 14pt;\"><strong>\u00a0<\/strong><\/span><\/p>\n<p style=\"text-align: justify;\"><span style=\"font-family: times new roman, times, serif; font-size: 14pt;\">Les m\u00e9dias et certains groupes politiques ont absolument besoin que le Covid &#8230; se survive \u00e0 lui-m\u00eame. En tout cas dans ses effets id\u00e9ologiques. Sinon, \u00e0 quoi bon avoir mis sous verrous plus de 4 milliards de personnes, d\u00e9truit l&rsquo;\u00e9conomie des pays, la vie de millions de personnes, traumatis\u00e9 tant d&rsquo;enfants, si finalement tout redevient aussi facilement comme avant ? Le travail ne semble pas encore termin\u00e9, il faut donc faire durer le plaisir. L&rsquo;exemple de Hong Kong est int\u00e9ressant. La situation est para\u00eet-il grave, quelle horreur : 100 nouveaux cas, sur une ville de plus de 7,5 millions d&rsquo;habitants, pour &#8230; 12 morts. Depuis le d\u00e9but. Ne faisons pas de statistiques, les chiffres seraient ridicules. Mais attention, <em>l&rsquo;\u00e9pid\u00e9mie reprend<\/em>. Car elle le <em>doit<\/em>. Bien que cela n&rsquo;ait que peu de rapport avec le sanitaire.<\/span><\/p>\n<p style=\"text-align: justify;\"><span style=\"font-family: times new roman, times, serif; font-size: 14pt;\">Ces deniers jours, les m\u00e9dias s&#8217;emballent autour de la reprise du coronavirus \u00e0 Hong Kong.<\/span><\/p>\n<p style=\"text-align: right;\"><span style=\"font-family: times new roman, times, serif; font-size: 14pt;\"><a href=\"http:\/\/russiepolitics.blogspot.com\/2020\/07\/hong-kong-la-covidhysterie-et-la-guerre.html\"><strong><span style=\"font-family: arial black, sans-serif;\">Lire la suite\u2026<\/span><\/strong><\/a><\/span><\/p>\n<p><span style=\"font-family: times new roman, times, serif; font-size: 14pt;\">Source\u00a0: <a href=\"http:\/\/russiepolitics.blogspot.com\/2020\/07\/hong-kong-la-covidhysterie-et-la-guerre.html\">http:\/\/russiepolitics.blogspot.com\/2020\/07\/hong-kong-la-covidhysterie-et-la-guerre.html<\/a><\/span><\/p>\n<p style=\"text-align: justify;\"><span style=\"font-family: times new roman, times, serif; font-size: 14pt;\"><strong>\u00a0<\/strong><\/span><\/p>\n<p>&nbsp;<\/p>\n<p style=\"text-align: center;\"><span style=\"font-family: times new roman, times, serif; font-size: 14pt;\"><strong>\u00a0<a href=\"http:\/\/blog.lesgrossesorchadeslesamplesthalameges.fr\/wp-content\/uploads\/2020\/07\/COVID-masqu\u00e9-GF.gif\"><img loading=\"lazy\" class=\"alignnone wp-image-11652\" src=\"http:\/\/blog.lesgrossesorchadeslesamplesthalameges.fr\/wp-content\/uploads\/2020\/07\/COVID-masqu\u00e9-GF.gif\" alt=\"\" width=\"75\" height=\"75\" \/><\/a><\/strong><\/span><\/p>\n<p>&nbsp;<\/p>\n<p>&nbsp;<\/p>\n<p style=\"text-align: left;\"><span style=\"font-family: times new roman, times, serif; font-size: 18pt;\"><strong><em><span style=\"color: #c00000;\">Comme aurait dit<\/span> <\/em><a href=\"https:\/\/fr.wikipedia.org\/wiki\/Genevi%C3%A8ve_Tabouis\"><em>Genevi\u00e8ve Tabouis<\/em><\/a><\/strong><span style=\"color: #c00000;\"><strong><em> : \u00ab\u00a0Vous entendrez demain\u00a0\u00bb\u2026 beaucoup parler de Hong Kong et des Ou\u00efghours. Devinez pourquoi.<\/em><\/strong><\/span><\/span><\/p>\n<p>&nbsp;<\/p>\n<p>&nbsp;<\/p>\n<p style=\"text-align: center;\"><a href=\"http:\/\/blog.lesgrossesorchadeslesamplesthalameges.fr\/wp-content\/uploads\/2020\/07\/Chine-Taiwan-Hong-Kong-GIF-1.gif\"><img loading=\"lazy\" class=\"alignnone wp-image-11724\" src=\"http:\/\/blog.lesgrossesorchadeslesamplesthalameges.fr\/wp-content\/uploads\/2020\/07\/Chine-Taiwan-Hong-Kong-GIF-1-300x212.gif\" alt=\"\" width=\"750\" height=\"530\" \/><\/a><\/p>\n<p>&nbsp;<\/p>\n<p>&nbsp;<\/p>\n<p style=\"text-align: center;\"><span style=\"font-family: times new roman, times, serif; font-size: 36pt;\"><strong>Dans le monde post-ADM de l\u2019Irak, croire l\u2019Occident sur la Chine est insens\u00e9<\/strong><\/span><\/p>\n<p>&nbsp;<\/p>\n<p style=\"text-align: center;\"><strong><span style=\"font-family: times new roman, times, serif; font-size: 18pt;\">Caitlin Johnstone \u2013<em> Entelekheia<\/em> \u2013 25.7.2020<\/span><\/strong><\/p>\n<p>&nbsp;<\/p>\n<p style=\"text-align: center;\"><span style=\"font-family: times new roman, times, serif; font-size: 18pt;\">Paru sur <a href=\"https:\/\/www.rt.com\/op-ed\/495654-caitlin-johnstone-china-us\/\">RT<\/a> sous le titre <em>Caitlin Johnstone : In post-Iraq invasion world, it\u2019s absolutely insane to blindly believe the US narrative on China<\/em><\/span><\/p>\n<p>&nbsp;<\/p>\n<p>&nbsp;<\/p>\n<p style=\"text-align: center;\"><a href=\"http:\/\/blog.lesgrossesorchadeslesamplesthalameges.fr\/wp-content\/uploads\/2020\/07\/SOLDATS-CHINOIS.jpg\"><img loading=\"lazy\" class=\"alignnone wp-image-11675 size-full\" src=\"http:\/\/blog.lesgrossesorchadeslesamplesthalameges.fr\/wp-content\/uploads\/2020\/07\/SOLDATS-CHINOIS.jpg\" alt=\"\" width=\"600\" height=\"283\" srcset=\"https:\/\/blog.lesgrossesorchadeslesamplesthalameges.fr\/wp-content\/uploads\/2020\/07\/SOLDATS-CHINOIS.jpg 600w, https:\/\/blog.lesgrossesorchadeslesamplesthalameges.fr\/wp-content\/uploads\/2020\/07\/SOLDATS-CHINOIS-300x142.jpg 300w\" sizes=\"(max-width: 600px) 100vw, 600px\" \/><\/a><\/p>\n<p style=\"text-align: justify;\"><span style=\"font-family: times new roman, times, serif; font-size: 14pt;\"><strong>\u00a0<\/strong><\/span><\/p>\n<p>&nbsp;<\/p>\n<p style=\"text-align: justify;\"><span style=\"font-family: tahoma, arial, helvetica, sans-serif; font-size: 14pt;\"><strong>C<\/strong><strong>es derniers jours, mes notifications sur les r\u00e9seaux sociaux se sont multipli\u00e9es, des Chinagaters [*] virulents partageant une vid\u00e9o qui pr\u00e9tend montrer des musulmans ou\u00efghours charg\u00e9s dans un train pour \u00eatre emmen\u00e9s dans des camps de concentration<\/strong>.<\/span><\/p>\n<p>&nbsp;<\/p>\n<p style=\"text-align: justify;\"><span style=\"font-family: times new roman, times, serif; font-size: 14pt;\">Il s\u2019agit en fait <a href=\"https:\/\/twitter.com\/CarlZha\/status\/1283937587640406018\">d\u2019une vieille vid\u00e9o<\/a> qui avait d\u00e9j\u00e0 fait surface l\u2019ann\u00e9e derni\u00e8re, mais qui revient comme par magie comme une nouvelle et choquante r\u00e9v\u00e9lation de 2020, maintenant que <a href=\"http:\/\/www.entelekheia.fr\/2020\/05\/23\/comment-comprendre-tous-ces-trucs-sur-la-chine\/\">l\u2019hyst\u00e9rie<\/a> occidentale contre la Chine a \u00e9t\u00e9 officiellement lanc\u00e9e, au moment m\u00eame o\u00f9 les \u00c9tats-Unis d\u00e9cident de fomenter l\u2019une des <a href=\"https:\/\/original.antiwar.com\/Dave_DeCamp\/2020\/07\/19\/the-us-has-no-place-in-the-south-china-sea-dispute\/\">escalades<\/a> les plus dangereuses et incendiaires de ces derni\u00e8res ann\u00e9es dans la mer de Chine m\u00e9ridionale.<\/span><\/p>\n<p style=\"text-align: right;\"><span style=\"font-family: times new roman, times, serif; font-size: 14pt;\"><a href=\"http:\/\/www.entelekheia.fr\/2020\/07\/24\/dans-le-monde-post-adm-de-lirak-croire-loccident-sur-la-chine-est-insense\/\"><strong><span style=\"font-family: arial black, sans-serif;\">Lire la suite\u2026<\/span><\/strong><\/a><\/span><\/p>\n<p style=\"text-align: left;\"><span style=\"font-family: times new roman, times, serif; font-size: 14pt;\">Source\u00a0: <a href=\"http:\/\/www.entelekheia.fr\/2020\/07\/24\/dans-le-monde-post-adm-de-lirak-croire-loccident-sur-la-chine-est-insense\/\">http:\/\/www.entelekheia.fr\/2020\/07\/24\/dans-le-monde-post-adm-de-lirak-croire-loccident-sur-la-chine-est-insense\/<\/a><\/span><\/p>\n<p>&nbsp;<\/p>\n<p style=\"text-align: justify;\"><span style=\"font-family: comic sans ms, sans-serif; font-size: 12pt; color: #c00000;\"><strong>Au VIIe si\u00e8cle de notre \u00e8re, la Chine avait d\u00e9j\u00e0 des probl\u00e8mes avec les Ou\u00efghours (ou les Ou\u00efghours avec la Chine), comme ne l\u2019ignorent pas ceux qui ont lu les merveilleux polars du Hollandais Van Gulik ou ceux de la Vietnamienne Tran Nhut. Mais n\u2019importe. C\u2019est toujours int\u00e9ressant de les avoir sous la main quand on veut mettre une 38<sup>e<\/sup> guerre sur le feu.<\/strong><\/span><\/p>\n<p>&nbsp;<\/p>\n<p>&nbsp;<\/p>\n<p style=\"text-align: center;\"><span style=\"font-family: times new roman, times, serif; font-size: 14pt;\"><strong>\u00a0<a href=\"http:\/\/blog.lesgrossesorchadeslesamplesthalameges.fr\/wp-content\/uploads\/2020\/07\/COVID-masqu\u00e9-GF.gif\"><img loading=\"lazy\" class=\"alignnone wp-image-11652\" src=\"http:\/\/blog.lesgrossesorchadeslesamplesthalameges.fr\/wp-content\/uploads\/2020\/07\/COVID-masqu\u00e9-GF.gif\" alt=\"\" width=\"75\" height=\"75\" \/><\/a><\/strong><\/span><\/p>\n<p>&nbsp;<\/p>\n<p style=\"text-align: justify;\"><span style=\"font-family: times new roman, times, serif; font-size: 14pt;\"><strong>\u00a0<\/strong><\/span><\/p>\n<p style=\"text-align: center;\"><span style=\"font-family: times new roman, times, serif; font-size: 36pt;\"><strong>Bug ou r\u00e9p\u00e9tition g\u00e9n\u00e9rale ? Google fait dispara\u00eetre les sites alternatifs de ses r\u00e9sultats de\u00a0recherche<\/strong><\/span><\/p>\n<p style=\"text-align: justify;\"><span style=\"font-family: times new roman, times, serif; font-size: 14pt;\"><strong>\u00a0<\/strong><\/span><\/p>\n<p>&nbsp;<\/p>\n<p style=\"text-align: center;\"><a href=\"http:\/\/blog.lesgrossesorchadeslesamplesthalameges.fr\/wp-content\/uploads\/2020\/07\/Google-Salah-1.jpg\"><img loading=\"lazy\" class=\"alignnone wp-image-11677 size-full\" src=\"http:\/\/blog.lesgrossesorchadeslesamplesthalameges.fr\/wp-content\/uploads\/2020\/07\/Google-Salah-1.jpg\" alt=\"\" width=\"600\" height=\"337\" srcset=\"https:\/\/blog.lesgrossesorchadeslesamplesthalameges.fr\/wp-content\/uploads\/2020\/07\/Google-Salah-1.jpg 600w, https:\/\/blog.lesgrossesorchadeslesamplesthalameges.fr\/wp-content\/uploads\/2020\/07\/Google-Salah-1-300x169.jpg 300w\" sizes=\"(max-width: 600px) 100vw, 600px\" \/><\/a><\/p>\n<p style=\"text-align: justify;\"><span style=\"font-family: times new roman, times, serif; font-size: 14pt;\"><em>\u00a0<\/em><\/span><\/p>\n<p>&nbsp;<\/p>\n<p style=\"text-align: center;\"><span style=\"font-family: times new roman, times, serif; font-size: 14pt;\"><a href=\"https:\/\/lecridespeuples.fr\/author\/lecridespeuples\/\"><strong><em><span style=\"font-size: 18pt;\">lecridespeuples<\/span><\/em><\/strong><\/a><span style=\"font-size: 18pt;\"><strong> \u2013 23.7.2020<\/strong><\/span><\/span><\/p>\n<p style=\"text-align: center;\"><span style=\"font-family: times new roman, times, serif; font-size: 18pt;\"><em>Source : <\/em><a href=\"https:\/\/www.rt.com\/news\/495445-google-hides-conservative-alt-news\/\"><em>RT<\/em><\/a><em>, le 21 juillet 2020<\/em><\/span><\/p>\n<p style=\"text-align: center;\"><span style=\"font-family: times new roman, times, serif; font-size: 18pt;\"><em>Traduction : <\/em><a href=\"http:\/\/lecridespeuples.fr\"><em>lecridespeuples.fr<\/em><\/a><\/span><\/p>\n<p>&nbsp;<\/p>\n<p style=\"text-align: justify;\"><span style=\"font-family: times new roman, times, serif; font-size: 14pt;\">Google a exclu les principaux m\u00e9dias conservateurs et alternatifs de ses r\u00e9sultats de recherche pendant des heures, faisant compl\u00e8tement dispara\u00eetre des sites comme <em>Breitbart<\/em> et <em>RedState<\/em> m\u00eame dans les recherches des noms de ces sites internet. Plus tard, tout est myst\u00e9rieusement revenu \u00e0 la normale.<\/span><\/p>\n<p style=\"text-align: justify;\"><span style=\"font-family: times new roman, times, serif; font-size: 14pt;\">Just noticed Google has removed several conservative websites from search results (at least on my end, in the UK). RedState, Breitbart, Daily Caller, Human Events, and more \u2013 all like this for pages of results <a href=\"https:\/\/t.co\/v2PHFgZ3zY\">pic.twitter.com\/v2PHFgZ3zY<\/a><\/span><\/p>\n<p style=\"text-align: justify;\"><span style=\"font-family: times new roman, times, serif; font-size: 14pt;\">\u2014 Charlie Nash (@CharlieNash) <a href=\"https:\/\/twitter.com\/CharlieNash\/status\/1285612797028700160?ref_src=twsrc%5Etfw\">July 21, 2020<\/a><\/span><\/p>\n<p style=\"text-align: justify; padding-left: 60px;\"><span style=\"font-family: times new roman, times, serif; font-size: 14pt;\"><em>Je viens de remarquer que Google a supprim\u00e9 plusieurs sites Web conservateurs des r\u00e9sultats de recherche (du moins de mon c\u00f4t\u00e9, au Royaume-Uni). RedState, Breitbart, Daily Caller, Human Events, et davantage : toutes les pages de r\u00e9sultats sont comme \u00e7a (<\/em><a href=\"https:\/\/twitter.com\/CharlieNash\/status\/1285612797028700160\"><em>Twitter<\/em><\/a><em>)<\/em><\/span><\/p>\n<p style=\"text-align: justify;\"><span style=\"font-family: times new roman, times, serif; font-size: 14pt;\">I can no longer find <a href=\"https:\/\/twitter.com\/Breitbart?ref_src=twsrc%5Etfw\">@Breitbart<\/a> or <a href=\"https:\/\/twitter.com\/TheNatPulse?ref_src=twsrc%5Etfw\">@TheNatPulse<\/a> on Google, either in news results or regular search. Where did they go? <a href=\"https:\/\/t.co\/d0O0TF2eHM\">pic.twitter.com\/d0O0TF2eHM<\/a><\/span><\/p>\n<p style=\"text-align: justify;\"><span style=\"font-family: times new roman, times, serif; font-size: 14pt;\">\u2014 August Takala (@AugustTakala) <a href=\"https:\/\/twitter.com\/AugustTakala\/status\/1285615018185314306?ref_src=twsrc%5Etfw\">July 21, 2020<\/a><\/span><\/p>\n<p style=\"text-align: justify; padding-left: 60px;\"><span style=\"font-family: times new roman, times, serif; font-size: 14pt;\"><em>Je ne trouve plus @Breitbart ou @TheNatPulse sur Google, que ce soit dans les r\u00e9sultats d\u2019actualit\u00e9s ou dans la recherche r\u00e9guli\u00e8re. O\u00f9 sont-ils pass\u00e9s ? (<\/em><a href=\"https:\/\/twitter.com\/AugustTakala\/status\/1285615018185314306\"><em>Twitter<\/em><\/a><em>)<\/em><\/span><\/p>\n<p style=\"text-align: justify;\"><span style=\"font-family: times new roman, times, serif; font-size: 14pt;\">Les sites conservateurs \u00e9taient en panique mardi matin, rapportant qu\u2019ils semblaient avoir \u00e9t\u00e9 mis sur liste noire par Google. Les articles et pages publi\u00e9s par <em>PJ Media<\/em>, <em>Daily Caller<\/em>, <em>The Blaze<\/em> et de nombreux autres sites \u00e9taient absents m\u00eame des recherches du nom de la publication, remplac\u00e9s par des liens vers Wikip\u00e9dia et d\u2019autres sites parlant du m\u00e9dia en question \u2014g\u00e9n\u00e9ralement de mani\u00e8re n\u00e9gative.<\/span><\/p>\n<p style=\"text-align: justify;\"><span style=\"font-family: times new roman, times, serif; font-size: 14pt;\"><em>\u00a0<\/em><\/span><\/p>\n<p style=\"text-align: center;\"><a href=\"http:\/\/blog.lesgrossesorchadeslesamplesthalameges.fr\/wp-content\/uploads\/2020\/07\/Google-Salah-2-GIF.gif\"><img loading=\"lazy\" class=\"alignnone wp-image-11678 size-full\" src=\"http:\/\/blog.lesgrossesorchadeslesamplesthalameges.fr\/wp-content\/uploads\/2020\/07\/Google-Salah-2-GIF.gif\" alt=\"\" width=\"600\" height=\"464\" \/><\/a><\/p>\n<p>&nbsp;<\/p>\n<p style=\"text-align: center;\"><span style=\"font-family: times new roman, times, serif; font-size: 12pt;\"><strong><em>La Palestine introuvable sur les cartes Google Maps<\/em><\/strong><\/span><\/p>\n<p style=\"text-align: justify;\"><span style=\"font-family: times new roman, times, serif; font-size: 14pt;\"><strong><em>\u00a0<\/em><\/strong><\/span><\/p>\n<p>&nbsp;<\/p>\n<p style=\"text-align: justify;\"><span style=\"font-family: times new roman, times, serif; font-size: 14pt;\">Alors que la plupart des sites touch\u00e9s venaient du c\u00f4t\u00e9 droit du spectre politique, les sites de gauche dont les opinions ne sont pas conformes \u00e0 l\u2019orthodoxie dominante semblaient \u00e9galement \u00eatre victimes de la purge. Charlie Nash, journaliste au m\u00e9dia alternatif <em>Mediaite<\/em>, a publi\u00e9 une capture d\u2019\u00e9cran d\u2019une recherche Google pour \u00ab <em>MintPress News<\/em> \u00bb qui ne comprenait aucun r\u00e9sultat du m\u00e9dia anti-guerre de gauche, tandis qu\u2019un autre commentateur a not\u00e9 qu\u2019<em>Occupy Democrats<\/em> avait <a href=\"https:\/\/fr.wikipedia.org\/wiki\/Disparu_au_combat\">disparu au combat<\/a>.<\/span><\/p>\n<p style=\"text-align: right;\"><span style=\"font-family: times new roman, times, serif; font-size: 14pt;\"><a href=\"https:\/\/lecridespeuples.fr\/2020\/07\/23\/repetition-generale-google-fait-disparaitre-les-sites-alternatifs-de-ses-resultats-de-recherche\/\"><strong><span style=\"font-family: arial black, sans-serif;\">Lire la suite\u2026<\/span><\/strong><\/a><\/span><\/p>\n<p style=\"text-align: left;\"><span style=\"font-family: times new roman, times, serif; font-size: 14pt;\">Source\u00a0: <a href=\"https:\/\/lecridespeuples.fr\/2020\/07\/23\/repetition-generale-google-fait-disparaitre-les-sites-alternatifs-de-ses-resultats-de-recherche\/\">https:\/\/lecridespeuples.fr\/2020\/07\/23\/repetition-generale-google-fait-disparaitre-les-sites-alternatifs-de-ses-resultats-de-recherche\/<\/a><\/span><\/p>\n<p>&nbsp;<\/p>\n<p>&nbsp;<\/p>\n<p style=\"text-align: center;\"><a href=\"http:\/\/blog.lesgrossesorchadeslesamplesthalameges.fr\/wp-content\/uploads\/2020\/07\/COVID-masqu\u00e9-GF.gif\"><img loading=\"lazy\" class=\"alignnone wp-image-11652\" src=\"http:\/\/blog.lesgrossesorchadeslesamplesthalameges.fr\/wp-content\/uploads\/2020\/07\/COVID-masqu\u00e9-GF.gif\" alt=\"\" width=\"75\" height=\"75\" \/><\/a><\/p>\n<p style=\"text-align: justify;\"><span style=\"font-family: times new roman, times, serif; font-size: 14pt;\"><strong>\u00a0<\/strong><\/span><\/p>\n<p>&nbsp;<\/p>\n<p style=\"text-align: justify;\"><span style=\"font-family: times new roman, times, serif; font-size: 18pt; color: #c00000;\"><strong><em>En anglais mais facile \u00e0 comprendre<\/em><\/strong><\/span><\/p>\n<p style=\"text-align: justify;\"><span style=\"font-family: times new roman, times, serif; font-size: 14pt;\"><strong><em>\u00a0<\/em><\/strong><\/span><\/p>\n<p style=\"text-align: center;\"><span style=\"font-family: times new roman, times, serif; font-size: 36pt;\"><strong>Being Totally \u00ab\u00a0Disappeared\u00a0\u00bb by Google<\/strong><\/span><\/p>\n<p style=\"text-align: center;\"><span style=\"font-family: times new roman, times, serif; font-size: 14pt;\"><strong>\u00a0<\/strong><\/span><\/p>\n<p style=\"text-align: center;\"><span style=\"font-family: times new roman, times, serif; font-size: 14pt;\"><a href=\"https:\/\/www.unz.com\/author\/ron-unz\/\"><span style=\"font-size: 18pt;\">Ron Unz<\/span><\/a><span style=\"font-size: 18pt;\"><strong> \u2013 <em>The UNZ Review<\/em> \u2013 \u00a0July 22, 2020<\/strong><\/span><\/span><\/p>\n<p>&nbsp;<\/p>\n<p>&nbsp;<\/p>\n<p style=\"text-align: center;\"><a href=\"http:\/\/blog.lesgrossesorchadeslesamplesthalameges.fr\/wp-content\/uploads\/2020\/07\/UNZ-GOOGLE.png\"><img loading=\"lazy\" class=\"alignnone wp-image-11679 size-full\" src=\"http:\/\/blog.lesgrossesorchadeslesamplesthalameges.fr\/wp-content\/uploads\/2020\/07\/UNZ-GOOGLE.png\" alt=\"\" width=\"600\" height=\"322\" srcset=\"https:\/\/blog.lesgrossesorchadeslesamplesthalameges.fr\/wp-content\/uploads\/2020\/07\/UNZ-GOOGLE.png 600w, https:\/\/blog.lesgrossesorchadeslesamplesthalameges.fr\/wp-content\/uploads\/2020\/07\/UNZ-GOOGLE-300x161.png 300w\" sizes=\"(max-width: 600px) 100vw, 600px\" \/><\/a><\/p>\n<p>&nbsp;<\/p>\n<p>&nbsp;<\/p>\n<p style=\"text-align: justify;\"><strong><span style=\"font-family: tahoma, arial, helvetica, sans-serif;\"><span style=\"font-size: 14pt;\">Early yesterday morning I received a worried note from one of our regular <\/span><span style=\"font-size: 14pt;\">columnists saying our website no longer came up in any Google search results.<\/span><\/span><\/strong><\/p>\n<p>&nbsp;<\/p>\n<p style=\"text-align: justify;\"><span style=\"font-family: times new roman, times, serif; font-size: 14pt;\">Google and Facebook are the top gatekeepers to the global Internet, and in early May they had both purged us, with Facebook blocking our content and Google de-ranking all of our pages.<\/span><\/p>\n<p style=\"text-align: justify;\"><span style=\"font-family: times new roman, times, serif; font-size: 14pt;\">Google search results had previously placed many of our pieces very high, but now they no longer appeared at all unless one included \u201cunz\u201d in the search string. Thus, only those actually looking for us would ever find our content.<\/span><\/p>\n<p style=\"text-align: justify;\"><span style=\"font-family: times new roman, times, serif; font-size: 14pt;\">But this latest blow was even more severe, and now neither searches with nor without \u201cunz\u201d ever seemed to return any of our pages. Google had apparently \u201cdisappeared\u201d us from the entire Internet<\/span><\/p>\n<p style=\"text-align: right;\"><strong><span style=\"font-family: arial black, sans-serif; font-size: 14pt;\"><a href=\"https:\/\/www.unz.com\/announcement\/being-totally-disappeared-by-google\/\">Read more\u2026<\/a><\/span><\/strong><\/p>\n<p style=\"text-align: left;\"><span style=\"font-family: times new roman, times, serif; font-size: 14pt;\">Source\u00a0: <a href=\"https:\/\/www.unz.com\/announcement\/being-totally-disappeared-by-google\/\">https:\/\/www.unz.com\/announcement\/being-totally-disappeared-by-google\/<\/a><\/span><\/p>\n<p>&nbsp;<\/p>\n<p>&nbsp;<\/p>\n<p style=\"text-align: center;\"><span style=\"font-family: times new roman, times, serif; font-size: 14pt;\"><strong><a href=\"http:\/\/blog.lesgrossesorchadeslesamplesthalameges.fr\/wp-content\/uploads\/2020\/07\/COVID-masqu\u00e9-GF.gif\"><img loading=\"lazy\" class=\"alignnone wp-image-11652\" src=\"http:\/\/blog.lesgrossesorchadeslesamplesthalameges.fr\/wp-content\/uploads\/2020\/07\/COVID-masqu\u00e9-GF.gif\" alt=\"\" width=\"75\" height=\"75\" \/><\/a><\/strong><\/span><\/p>\n<p style=\"text-align: center;\"><span style=\"font-family: times new roman, times, serif; font-size: 14pt;\"><strong>\u00a0<\/strong><\/span><\/p>\n<p>&nbsp;<\/p>\n<h3 style=\"text-align: center;\"><strong><span style=\"font-family: times new roman, times, serif; font-size: 36pt;\">L&rsquo;application Covid Google\/Apple : souriez, vous \u00eates suivi !<\/span><\/strong><\/h3>\n<p>&nbsp;<\/p>\n<p style=\"text-align: center;\"><span style=\"font-family: times new roman, times, serif; font-size: 18pt;\"><strong>Karine Bechet Golovko \u2013 <em>Russie Politics<\/em> \u2013 23.7.2020<\/strong><\/span><\/p>\n<p>&nbsp;<\/p>\n<p>&nbsp;<\/p>\n<p style=\"text-align: center;\"><a href=\"http:\/\/blog.lesgrossesorchadeslesamplesthalameges.fr\/wp-content\/uploads\/2020\/07\/Google-Covid.png\"><img loading=\"lazy\" class=\"alignnone wp-image-11681 size-full\" src=\"http:\/\/blog.lesgrossesorchadeslesamplesthalameges.fr\/wp-content\/uploads\/2020\/07\/Google-Covid.png\" alt=\"\" width=\"500\" height=\"301\" srcset=\"https:\/\/blog.lesgrossesorchadeslesamplesthalameges.fr\/wp-content\/uploads\/2020\/07\/Google-Covid.png 500w, https:\/\/blog.lesgrossesorchadeslesamplesthalameges.fr\/wp-content\/uploads\/2020\/07\/Google-Covid-300x181.png 300w\" sizes=\"(max-width: 500px) 100vw, 500px\" \/><\/a><\/p>\n<p>&nbsp;<\/p>\n<p>&nbsp;<\/p>\n<p style=\"text-align: justify;\"><span style=\"font-family: times new roman, times, serif; font-size: 14pt;\">Il l&rsquo;avait promis, mais quelqu&rsquo;un, s\u00e9rieusement, y croyait-il ? Lorsque Google a mis la pression sur les pays pour qu&rsquo;ils recourent \u00e0 son application de tracing pour le Covid et abandonnent leurs recherches propres, il avait promis la confidentialit\u00e9. Pourtant, comme le r\u00e9v\u00e8le le New York Times, et le tait respectueusement la presse fran\u00e7aise, Google peut toujours collecter les donn\u00e9es de localisation. Souriez, vous \u00eates suivi! D&rsquo;autant plus que le principe m\u00eame du tra\u00e7age num\u00e9rique des personnes n&rsquo;est en soi absolument pas remis en cause &#8230; seules ses modalit\u00e9s sont discut\u00e9es.<\/span><\/p>\n<p style=\"text-align: right;\"><span style=\"font-family: times new roman, times, serif; font-size: 14pt;\"><a href=\"http:\/\/russiepolitics.blogspot.com\/2020\/07\/lapplication-covid-googleapple-souriez.html\"><strong><span style=\"font-family: arial black, sans-serif;\">Lire la suite\u2026<\/span><\/strong><\/a><\/span><\/p>\n<p><span style=\"font-family: times new roman, times, serif; font-size: 14pt;\">Source\u00a0: <a href=\"http:\/\/russiepolitics.blogspot.com\/2020\/07\/lapplication-covid-googleapple-souriez.html\">http:\/\/russiepolitics.blogspot.com\/2020\/07\/lapplication-covid-googleapple-souriez.html<\/a><\/span><\/p>\n<p>&nbsp;<\/p>\n<p style=\"text-align: justify;\"><span style=\"font-family: comic sans ms, sans-serif; font-size: 12pt; color: #c00000;\"><strong>Mais qu\u2019est-ce qui foutredieu les oblige \u00e0 s\u2019acheter ce genre de gadgets automutilants\u00a0? Qu\u2019ont fait les humains, pendant les dizaines de mill\u00e9naires o\u00f9 il n\u2019y en a pas eu\u00a0? Des papillotes\u00a0?<\/strong><\/span><\/p>\n<p>&nbsp;<\/p>\n<p>&nbsp;<\/p>\n<p style=\"text-align: center;\"><a href=\"http:\/\/blog.lesgrossesorchadeslesamplesthalameges.fr\/wp-content\/uploads\/2020\/07\/COVID-masqu\u00e9-GF.gif\"><img loading=\"lazy\" class=\"alignnone wp-image-11652\" src=\"http:\/\/blog.lesgrossesorchadeslesamplesthalameges.fr\/wp-content\/uploads\/2020\/07\/COVID-masqu\u00e9-GF.gif\" alt=\"\" width=\"75\" height=\"75\" \/><\/a><\/p>\n<p style=\"text-align: justify;\"><span style=\"font-family: times new roman, times, serif; font-size: 14pt;\"><strong>\u00a0<\/strong><\/span><\/p>\n<p style=\"text-align: center;\"><span style=\"font-family: times new roman, times, serif; font-size: 14pt;\"><strong><span style=\"font-size: 36pt;\">Deuxi\u00e8me vague\u00a0?!<\/span><br \/>\n<span style=\"font-size: 36pt;\">\u00ab\u00a0C\u2019est difficile de rester silencieux\u00a0\u00bb<\/span> <\/strong><\/span><\/p>\n<p style=\"text-align: center;\"><span style=\"font-family: times new roman, times, serif; font-size: 14pt;\"><strong><br \/>\n<\/strong><span style=\"font-size: 18pt;\"><strong>Jean-Dominique Michel \u2013 <em>Comit\u00e9 Valmy<\/em> \u2013 22.7.2020<\/strong><\/span><\/span><\/p>\n<p>&nbsp;<\/p>\n<p>&nbsp;<\/p>\n<p style=\"text-align: center;\"><a href=\"http:\/\/blog.lesgrossesorchadeslesamplesthalameges.fr\/wp-content\/uploads\/2020\/07\/Deuxi\u00e8me-vague-1.jpg\"><img loading=\"lazy\" class=\"alignnone wp-image-11683 size-full\" src=\"http:\/\/blog.lesgrossesorchadeslesamplesthalameges.fr\/wp-content\/uploads\/2020\/07\/Deuxi\u00e8me-vague-1.jpg\" alt=\"\" width=\"600\" height=\"336\" srcset=\"https:\/\/blog.lesgrossesorchadeslesamplesthalameges.fr\/wp-content\/uploads\/2020\/07\/Deuxi\u00e8me-vague-1.jpg 600w, https:\/\/blog.lesgrossesorchadeslesamplesthalameges.fr\/wp-content\/uploads\/2020\/07\/Deuxi\u00e8me-vague-1-300x168.jpg 300w\" sizes=\"(max-width: 600px) 100vw, 600px\" \/><\/a><\/p>\n<p>&nbsp;<\/p>\n<p>&nbsp;<\/p>\n<p style=\"text-align: justify;\"><span style=\"font-family: tahoma, arial, helvetica, sans-serif; font-size: 14pt;\"><strong>Nous vivons une \u00e9poque formidable\u00a0! Alors que l\u2019\u00e9pid\u00e9mie, selon les crit\u00e8res usuels en la mati\u00e8re, n\u2019existe plus chez nous, le matraquage m\u00e9diatique continue de plus belle. Avec des titres confinant au surr\u00e9alisme comme celui-ci provenant de l\u2019OFSP\u00a0: nous vivons <\/strong><a href=\"https:\/\/www.24heures.ch\/la-situation-suisse-est-dangereusement-stable-526098702649\"><strong>une stabilit\u00e9 dangereuse<\/strong><\/a><strong>. Ah, la vache\u00a0!<\/strong><\/span><\/p>\n<p>&nbsp;<\/p>\n<p>&nbsp;<\/p>\n<p style=\"text-align: center;\"><a href=\"http:\/\/blog.lesgrossesorchadeslesamplesthalameges.fr\/wp-content\/uploads\/2020\/07\/Deuxi\u00e8me-vague-2.jpg\"><img loading=\"lazy\" class=\"alignnone wp-image-11685 size-full\" src=\"http:\/\/blog.lesgrossesorchadeslesamplesthalameges.fr\/wp-content\/uploads\/2020\/07\/Deuxi\u00e8me-vague-2.jpg\" alt=\"\" width=\"600\" height=\"452\" srcset=\"https:\/\/blog.lesgrossesorchadeslesamplesthalameges.fr\/wp-content\/uploads\/2020\/07\/Deuxi\u00e8me-vague-2.jpg 600w, https:\/\/blog.lesgrossesorchadeslesamplesthalameges.fr\/wp-content\/uploads\/2020\/07\/Deuxi\u00e8me-vague-2-300x226.jpg 300w\" sizes=\"(max-width: 600px) 100vw, 600px\" \/><\/a><\/p>\n<p>&nbsp;<\/p>\n<p style=\"text-align: right;\"><span style=\"font-family: times new roman, times, serif; font-size: 14pt;\"><a href=\"http:\/\/www.comite-valmy.org\/spip.php?article12026\"><strong><span style=\"font-family: arial black, sans-serif;\">Lire la suite\u2026<\/span><\/strong><\/a><\/span><\/p>\n<p style=\"text-align: left;\"><span style=\"font-family: times new roman, times, serif; font-size: 14pt;\">Source\u00a0: <a href=\"http:\/\/www.comite-valmy.org\/spip.php?article12026\">http:\/\/www.comite-valmy.org\/spip.php?article12026<\/a><\/span><\/p>\n<p>&nbsp;<\/p>\n<p>&nbsp;<\/p>\n<p style=\"text-align: center;\"><a href=\"http:\/\/blog.lesgrossesorchadeslesamplesthalameges.fr\/wp-content\/uploads\/2020\/07\/COVID-masqu\u00e9-GF.gif\"><img loading=\"lazy\" class=\"alignnone wp-image-11652\" src=\"http:\/\/blog.lesgrossesorchadeslesamplesthalameges.fr\/wp-content\/uploads\/2020\/07\/COVID-masqu\u00e9-GF.gif\" alt=\"\" width=\"75\" height=\"75\" \/><\/a><\/p>\n<p>&nbsp;<\/p>\n<p>&nbsp;<\/p>\n<p style=\"text-align: justify;\"><span style=\"font-family: times new roman, times, serif; font-size: 18pt; color: #c00000;\"><strong><em>On vous en a d\u00e9j\u00e0 parl\u00e9\u2026<\/em><\/strong><\/span><\/p>\n<p style=\"text-align: justify;\"><span style=\"font-family: times new roman, times, serif; font-size: 14pt;\"><strong><em>\u00a0<\/em><\/strong><\/span><\/p>\n<p style=\"text-align: center;\"><span style=\"font-family: times new roman, times, serif; font-size: 36pt;\"><strong>\u00ab\u00a0Grand Reset, le sujet central de la dette \u00bb<\/strong><\/span><\/p>\n<p>&nbsp;<\/p>\n<p style=\"text-align: center;\"><span style=\"font-family: times new roman, times, serif; font-size: 18pt;\"><strong>Charles Sannat \u2013 <em>Insolentiae <\/em>\u2013 23.7.2020<\/strong><\/span><\/p>\n<p style=\"text-align: justify;\"><span style=\"font-family: times new roman, times, serif; font-size: 14pt;\"><strong>\u00a0<\/strong><\/span><\/p>\n<p>&nbsp;<\/p>\n<p style=\"text-align: center;\"><a href=\"http:\/\/blog.lesgrossesorchadeslesamplesthalameges.fr\/wp-content\/uploads\/2020\/07\/Grand-REST.jpg\"><img loading=\"lazy\" class=\"alignnone wp-image-11684 size-full\" src=\"http:\/\/blog.lesgrossesorchadeslesamplesthalameges.fr\/wp-content\/uploads\/2020\/07\/Grand-REST.jpg\" alt=\"\" width=\"600\" height=\"375\" srcset=\"https:\/\/blog.lesgrossesorchadeslesamplesthalameges.fr\/wp-content\/uploads\/2020\/07\/Grand-REST.jpg 600w, https:\/\/blog.lesgrossesorchadeslesamplesthalameges.fr\/wp-content\/uploads\/2020\/07\/Grand-REST-300x188.jpg 300w\" sizes=\"(max-width: 600px) 100vw, 600px\" \/><\/a><\/p>\n<p>&nbsp;<\/p>\n<p>&nbsp;<\/p>\n<p style=\"text-align: justify;\"><span style=\"font-family: times new roman, times, serif; font-size: 14pt;\">Mes ch\u00e8res impertinentes, mes chers impertinents,<\/span><\/p>\n<p style=\"text-align: justify;\"><span style=\"font-family: times new roman, times, serif; font-size: 14pt;\">Ce que l\u2019on appelle le \u00ab\u00a0great reset\u00a0\u00bb, ou la grande r\u00e9initialisation, est un processus \u00e0 plusieurs dimensions.<\/span><\/p>\n<p style=\"text-align: justify;\"><span style=\"font-family: times new roman, times, serif; font-size: 14pt;\">L\u2019une de ses dimensions est environnementale ou \u00e9cologique si vous pr\u00e9f\u00e9rez, avec la n\u00e9cessit\u00e9 d\u2019organiser le ralentissement des activit\u00e9s humaines, ce qui sera croyez-moi, assez d\u00e9sagr\u00e9able.<\/span><\/p>\n<p style=\"text-align: justify;\"><span style=\"font-family: times new roman, times, serif; font-size: 14pt;\">Une autre des dimensions de cette grande r\u00e9initialisation, de cette grande remise \u00e0 z\u00e9ro est \u00e9videmment celle de l\u2019endettement.<\/span><\/p>\n<p style=\"text-align: justify;\"><span style=\"font-family: times new roman, times, serif; font-size: 14pt;\"><strong><u>Quelle est la limite de la dette ?<\/u><\/strong><\/span><\/p>\n<p style=\"text-align: justify;\"><span style=\"font-family: times new roman, times, serif; font-size: 14pt;\">On pose et l\u2019on se pose souvent cette question.<\/span><\/p>\n<p style=\"text-align: justify;\"><span style=\"font-family: times new roman, times, serif; font-size: 14pt;\">Quelle est la limite \u00e0 l\u2019endettement ?<\/span><\/p>\n<p style=\"text-align: right;\"><span style=\"font-family: times new roman, times, serif; font-size: 14pt;\"><a href=\"https:\/\/insolentiae.com\/grand-reset-le-sujet-central-de-la-dette-ledito-de-charles-sannat\/\"><span style=\"font-family: arial black, sans-serif;\"><strong>Lire la suite\u2026<\/strong><\/span><\/a><\/span><\/p>\n<p>&nbsp;<\/p>\n<p style=\"text-align: left;\"><span style=\"font-family: times new roman, times, serif; font-size: 14pt;\">Source\u00a0: <a href=\"https:\/\/insolentiae.com\/grand-reset-le-sujet-central-de-la-dette-ledito-de-charles-sannat\/\">https:\/\/insolentiae.com\/grand-reset-le-sujet-central-de-la-dette-ledito-de-charles-sannat\/<\/a><\/span><\/p>\n<p>&nbsp;<\/p>\n<p>&nbsp;<\/p>\n<p style=\"text-align: center;\"><a href=\"http:\/\/blog.lesgrossesorchadeslesamplesthalameges.fr\/wp-content\/uploads\/2020\/07\/COVID-masqu\u00e9-GF.gif\"><img loading=\"lazy\" class=\"alignnone wp-image-11652\" src=\"http:\/\/blog.lesgrossesorchadeslesamplesthalameges.fr\/wp-content\/uploads\/2020\/07\/COVID-masqu\u00e9-GF.gif\" alt=\"\" width=\"75\" height=\"75\" \/><\/a><\/p>\n<p>&nbsp;<\/p>\n<h1 style=\"text-align: center;\"><strong><span style=\"font-family: times new roman, times, serif; font-size: 36pt;\">Sommet europ\u00e9en: accord historique des 27 \u00c9tats sur le plan de relance<\/span><\/strong><\/h1>\n<p>&nbsp;<\/p>\n<p style=\"text-align: center;\"><span style=\"font-family: times new roman, times, serif; font-size: 18pt;\">Les dirigeants des 27 pays de l\u2019UE ont trouv\u00e9 un accord mardi sur un plan de relance post-coronavirus historique, au cinqui\u00e8me jour d\u2019un sommet marathon \u00e0 Bruxelles.<\/span><\/p>\n<p>&nbsp;<\/p>\n<p style=\"text-align: center;\"><span style=\"font-family: times new roman, times, serif; font-size: 18pt;\"><strong><em>Le Soir<\/em><\/strong><strong> \u2013 21.7.2020<\/strong><\/span><\/p>\n<p>&nbsp;<\/p>\n<p>&nbsp;<\/p>\n<p style=\"text-align: center;\"><a href=\"http:\/\/blog.lesgrossesorchadeslesamplesthalameges.fr\/wp-content\/uploads\/2020\/07\/accord-historique-1.jpg\"><img loading=\"lazy\" class=\"alignnone wp-image-11687 size-full\" src=\"http:\/\/blog.lesgrossesorchadeslesamplesthalameges.fr\/wp-content\/uploads\/2020\/07\/accord-historique-1.jpg\" alt=\"\" width=\"600\" height=\"337\" srcset=\"https:\/\/blog.lesgrossesorchadeslesamplesthalameges.fr\/wp-content\/uploads\/2020\/07\/accord-historique-1.jpg 600w, https:\/\/blog.lesgrossesorchadeslesamplesthalameges.fr\/wp-content\/uploads\/2020\/07\/accord-historique-1-300x169.jpg 300w\" sizes=\"(max-width: 600px) 100vw, 600px\" \/><\/a><\/p>\n<p style=\"text-align: justify;\"><span style=\"font-family: times new roman, times, serif; font-size: 14pt;\"><strong>\u00a0<\/strong><\/span><\/p>\n<p>&nbsp;<\/p>\n<p style=\"text-align: justify;\"><span style=\"font-family: times new roman, times, serif; font-size: 14pt;\">Il aura fallu quatre jours et quatre nuits et de multiples prises de bec, mais les 27 dirigeants europ\u00e9ens ont trouv\u00e9 mardi un accord sur un plan historique destin\u00e9 \u00e0 soutenir leurs \u00e9conomies frapp\u00e9es par la crise du coronavirus, bas\u00e9 pour la premi\u00e8re fois sur une dette commune.<\/span><\/p>\n<h4 style=\"text-align: justify;\"><span style=\"font-family: times new roman, times, serif; font-size: 14pt;\">Lire aussi <a href=\"https:\/\/plus.lesoir.be\/314202\/article\/2020-07-19\/budget-europeen-differents-mais-unis-dans-la-frugalite\">Budget europ\u00e9en: diff\u00e9rents mais unis dans la frugalit\u00e9<\/a><\/span><\/h4>\n<p style=\"text-align: justify;\"><span style=\"font-family: times new roman, times, serif; font-size: 14pt;\">\u00ab\u00a0Deal\u00a0!\u00a0\u00bb, a annonc\u00e9 en anglais le Belge francophone Charles Michel, pr\u00e9sident du conseil europ\u00e9en, sur son compte Twitter. \u00ab\u00a0Jour historique pour l\u2019Europe\u00a0!\u00a0\u00bb, a assur\u00e9 dans la foul\u00e9e le pr\u00e9sident Emmanuel Macron sur le m\u00eame canal.<\/span><\/p>\n<p style=\"text-align: left;\"><span style=\"font-family: times new roman, times, serif; font-size: 14pt;\">Source\u00a0: <a href=\"https:\/\/plus.lesoir.be\/314424\/article\/2020-07-21\/sommet-europeen-accord-historique-des-27-etats-sur-le-plan-de-relance\">https:\/\/plus.lesoir.be\/314424\/article\/2020-07-21\/sommet-europeen-accord-historique-des-27-etats-sur-le-plan-de-relance<\/a><\/span><\/p>\n<p>&nbsp;<\/p>\n<p>&nbsp;<\/p>\n<p style=\"text-align: center;\"><a href=\"http:\/\/blog.lesgrossesorchadeslesamplesthalameges.fr\/wp-content\/uploads\/2020\/07\/COVID-masqu\u00e9-GF.gif\"><img loading=\"lazy\" class=\"alignnone wp-image-11652\" src=\"http:\/\/blog.lesgrossesorchadeslesamplesthalameges.fr\/wp-content\/uploads\/2020\/07\/COVID-masqu\u00e9-GF.gif\" alt=\"\" width=\"75\" height=\"75\" \/><\/a><\/p>\n<p>&nbsp;<\/p>\n<p>&nbsp;<\/p>\n<p style=\"text-align: center;\"><span style=\"font-family: times new roman, times, serif; font-size: 36pt;\"><strong>Le Parlement europ\u00e9en menace de bloquer le budget approuv\u00e9 par les 27<\/strong><\/span><\/p>\n<p>&nbsp;<\/p>\n<p style=\"text-align: center;\"><span style=\"font-family: times new roman, times, serif; font-size: 18pt;\">L\u2019assembl\u00e9e conteste le budget dans sa forme actuelle et \u00ab\u00a0est pr\u00eate \u00e0 refuser de donner son approbation\u00a0\u00bb.<\/span><\/p>\n<p style=\"text-align: center;\"><span style=\"font-family: times new roman, times, serif; font-size: 14pt;\"><strong><em>\u00a0<\/em><\/strong><\/span><\/p>\n<p style=\"text-align: center;\"><span style=\"font-family: times new roman, times, serif; font-size: 18pt;\"><strong><em>Le Soir<\/em><\/strong><strong> \u2013\u00a0 23.7.2020<\/strong><\/span><\/p>\n<p style=\"text-align: center;\"><span style=\"font-family: times new roman, times, serif; font-size: 14pt;\"><strong>\u00a0<\/strong><\/span><\/p>\n<p>&nbsp;<\/p>\n<p style=\"text-align: center;\"><a href=\"http:\/\/blog.lesgrossesorchadeslesamplesthalameges.fr\/wp-content\/uploads\/2020\/07\/accord-historique-2.jpg\"><img loading=\"lazy\" class=\"alignnone wp-image-11688 size-full\" src=\"http:\/\/blog.lesgrossesorchadeslesamplesthalameges.fr\/wp-content\/uploads\/2020\/07\/accord-historique-2.jpg\" alt=\"\" width=\"600\" height=\"337\" srcset=\"https:\/\/blog.lesgrossesorchadeslesamplesthalameges.fr\/wp-content\/uploads\/2020\/07\/accord-historique-2.jpg 600w, https:\/\/blog.lesgrossesorchadeslesamplesthalameges.fr\/wp-content\/uploads\/2020\/07\/accord-historique-2-300x169.jpg 300w\" sizes=\"(max-width: 600px) 100vw, 600px\" \/><\/a><\/p>\n<p>&nbsp;<\/p>\n<p>&nbsp;<\/p>\n<p style=\"text-align: justify;\"><span style=\"font-family: times new roman, times, serif; font-size: 14pt;\">Le Parlement europ\u00e9en a menac\u00e9 de ne pas approuver l\u2019accord trouv\u00e9 par les 27 lors d\u2019un sommet marathon sur le budget de l\u2019UE s\u2019il n\u2019\u00e9tait pas \u00ab\u00a0am\u00e9lior\u00e9\u00a0\u00bb, mettant notamment en cause les \u00ab\u00a0coupes\u00a0\u00bb pr\u00e9vues, dans une r\u00e9solution vot\u00e9e jeudi.<\/span><\/p>\n<p style=\"text-align: left;\"><span style=\"font-family: times new roman, times, serif; font-size: 14pt;\">Source\u00a0: <a href=\"https:\/\/plus.lesoir.be\/314954\/article\/2020-07-23\/le-parlement-europeen-menace-de-bloquer-le-budget-approuve-par-les-27\">https:\/\/plus.lesoir.be\/314954\/article\/2020-07-23\/le-parlement-europeen-menace-de-bloquer-le-budget-approuve-par-les-27<\/a><\/span><\/p>\n<p>&nbsp;<\/p>\n<p>&nbsp;<\/p>\n<p style=\"text-align: center;\"><a href=\"http:\/\/blog.lesgrossesorchadeslesamplesthalameges.fr\/wp-content\/uploads\/2020\/07\/UE-Accord-de-relance-trouv\u00e9-in-extr\u00e9mis-GIF.gif\"><img loading=\"lazy\" class=\"alignnone wp-image-11734 size-full\" src=\"http:\/\/blog.lesgrossesorchadeslesamplesthalameges.fr\/wp-content\/uploads\/2020\/07\/UE-Accord-de-relance-trouv\u00e9-in-extr\u00e9mis-GIF.gif\" alt=\"\" width=\"600\" height=\"507\" \/><\/a><\/p>\n<p>&nbsp;<\/p>\n<p style=\"text-align: center;\"><span style=\"font-family: comic sans ms, sans-serif; font-size: 14pt; color: #c00000;\"><strong>Et peu importe que la crise climatique d\u2019origine humaine soit aussi bidon que la \u00ab\u00a0pand\u00e9mie\u00a0\u00bb au Covid-19<\/strong><\/span><\/p>\n<p>&nbsp;<\/p>\n<p>&nbsp;<\/p>\n<p style=\"text-align: center;\"><span style=\"font-family: times new roman, times, serif; font-size: 14pt;\"><strong>\u00a0<a href=\"http:\/\/blog.lesgrossesorchadeslesamplesthalameges.fr\/wp-content\/uploads\/2020\/07\/COVID-masqu\u00e9-GF.gif\"><img loading=\"lazy\" class=\"alignnone wp-image-11652\" src=\"http:\/\/blog.lesgrossesorchadeslesamplesthalameges.fr\/wp-content\/uploads\/2020\/07\/COVID-masqu\u00e9-GF.gif\" alt=\"\" width=\"75\" height=\"75\" \/><\/a><\/strong><\/span><\/p>\n<p style=\"text-align: justify;\"><span style=\"font-family: times new roman, times, serif; font-size: 14pt;\"><strong>\u00a0<\/strong><\/span><\/p>\n<p>&nbsp;<\/p>\n<p style=\"text-align: justify;\"><span style=\"font-family: times new roman, times, serif; font-size: 18pt; color: #c00000;\"><strong><em>Mais si vous voulez du s\u00e9rieux<\/em><\/strong><\/span><\/p>\n<p style=\"text-align: justify;\"><span style=\"font-family: times new roman, times, serif; font-size: 14pt;\"><strong><em>\u00a0<\/em><\/strong><\/span><\/p>\n<p style=\"text-align: center;\"><span style=\"font-family: times new roman, times, serif; font-size: 36pt;\"><strong>Accord de Bruxelles\u00a0:<br \/>\nune bombe \u00e0 retardement\u00a0!<\/strong><\/span><\/p>\n<p>&nbsp;<\/p>\n<p style=\"text-align: center;\"><span style=\"font-family: times new roman, times, serif; font-size: 14pt;\"><strong>Jacques Myard \u2013 <\/strong><a href=\"http:\/\/www.comite-valmy.org\/spip.php?auteur3\"><strong><em>Comit\u00e9 Valmy<\/em><\/strong><\/a><strong> \u2013 24.7.2020<\/strong><\/span><\/p>\n<p>&nbsp;<\/p>\n<p>&nbsp;<\/p>\n<p style=\"text-align: center;\"><a href=\"http:\/\/blog.lesgrossesorchadeslesamplesthalameges.fr\/wp-content\/uploads\/2020\/07\/BOMBE-VALMY.png\"><img loading=\"lazy\" class=\"alignnone wp-image-11690 size-full\" src=\"http:\/\/blog.lesgrossesorchadeslesamplesthalameges.fr\/wp-content\/uploads\/2020\/07\/BOMBE-VALMY.png\" alt=\"\" width=\"600\" height=\"337\" srcset=\"https:\/\/blog.lesgrossesorchadeslesamplesthalameges.fr\/wp-content\/uploads\/2020\/07\/BOMBE-VALMY.png 600w, https:\/\/blog.lesgrossesorchadeslesamplesthalameges.fr\/wp-content\/uploads\/2020\/07\/BOMBE-VALMY-300x169.png 300w\" sizes=\"(max-width: 600px) 100vw, 600px\" \/><\/a><\/p>\n<p>&nbsp;<\/p>\n<p>&nbsp;<\/p>\n<p style=\"text-align: justify;\"><span style=\"font-family: times new roman, times, serif; font-size: 14pt;\">Apr\u00e8s des nuits et des jours d\u2019affrontements, de chamailleries et m\u00eame d\u2019invectives, un accord entre les 27 membres de l\u2019Union europ\u00e9enne est arriv\u00e9 aux forceps, le 21 juillet. Soulag\u00e9 \u00e0 l\u2019\u00e9vidence, Emmanuel Macron crie victoire et essaie de pr\u00e9senter cet accord comme une \u00e9tape historique de l\u2019\u00e9volution f\u00e9d\u00e9rale de l\u2019Union europ\u00e9enne, \u00e9volution qu\u2019il appelle rituellement de ses v\u0153ux, dans des discours empreints d\u2019un lyrisme incantatoire.<\/span><\/p>\n<p style=\"text-align: justify;\"><span style=\"font-family: times new roman, times, serif; font-size: 14pt;\">Les caract\u00e9ristiques de ce fameux accord sont simples\u00a0: \u2013 750 milliards d\u2019euros doivent \u00eatre inject\u00e9s dans l\u2019\u00e9conomie des \u00c9tats membres\u00a0: 390 milliards de subventions, 360 milliards de pr\u00eats remboursables. \u2013 \u00c0 ce titre, les 750 milliards seront emprunt\u00e9s par l\u2019Union europ\u00e9enne sur les march\u00e9s\u00a0; cet emprunt serait la premi\u00e8re marche d\u2019une mutualisation de la dette par l\u2019Europe.<\/span><\/p>\n<p style=\"text-align: justify;\"><span style=\"font-family: times new roman, times, serif; font-size: 14pt;\">Cela m\u00e9rite une analyse point par point\u00a0:<\/span><\/p>\n<p style=\"text-align: right;\"><strong><span style=\"font-family: arial black, sans-serif; font-size: 14pt;\"><a href=\"http:\/\/www.comite-valmy.org\/spip.php?article12035\">Lire la suite\u2026<\/a><\/span><\/strong><\/p>\n<p style=\"text-align: left;\"><span style=\"font-family: times new roman, times, serif; font-size: 14pt;\">Source\u00a0: <a href=\"http:\/\/www.comite-valmy.org\/spip.php?article12035\">http:\/\/www.comite-valmy.org\/spip.php?article12035<\/a><\/span><\/p>\n<p>&nbsp;<\/p>\n<p style=\"text-align: justify;\"><span style=\"font-family: times new roman, times, serif; font-size: 18pt; color: #c00000;\"><strong><em>Ah, encore la dette\u2026<\/em><\/strong><\/span><\/p>\n<p style=\"text-align: justify;\"><span style=\"font-family: times new roman, times, serif; font-size: 14pt;\"><strong><em>\u00a0<\/em><\/strong><\/span><\/p>\n<p>&nbsp;<\/p>\n<p style=\"text-align: center;\"><span style=\"font-family: times new roman, times, serif; font-size: 14pt;\"><strong><em>\u00a0<a href=\"http:\/\/blog.lesgrossesorchadeslesamplesthalameges.fr\/wp-content\/uploads\/2020\/07\/COVID-masqu\u00e9-GF.gif\"><img loading=\"lazy\" class=\"alignnone wp-image-11652\" src=\"http:\/\/blog.lesgrossesorchadeslesamplesthalameges.fr\/wp-content\/uploads\/2020\/07\/COVID-masqu\u00e9-GF.gif\" alt=\"\" width=\"75\" height=\"75\" \/><\/a><\/em><\/strong><\/span><\/p>\n<p style=\"text-align: justify;\"><span style=\"font-family: times new roman, times, serif; font-size: 14pt;\"><strong><em>\u00a0<\/em><\/strong><\/span><\/p>\n<p>&nbsp;<\/p>\n<p style=\"text-align: center;\"><span style=\"font-family: times new roman, times, serif; font-size: 48pt; color: #c00000;\">Et par ailleurs\u00a0?<\/span><\/p>\n<p style=\"text-align: justify;\"><span style=\"font-family: times new roman, times, serif; font-size: 14pt;\"><strong><em>\u00a0<\/em><\/strong><\/span><\/p>\n<p style=\"text-align: justify;\"><span style=\"font-family: times new roman, times, serif; font-size: 18pt; color: #c00000;\"><strong><em>Pour la curiosit\u00e9 de la chose. Complotiste\u00a0?<\/em><\/strong><\/span><\/p>\n<p style=\"text-align: justify;\"><span style=\"font-family: times new roman, times, serif; font-size: 14pt;\"><strong><em>\u00a0<\/em><\/strong><\/span><\/p>\n<p style=\"text-align: center;\"><span style=\"font-family: times new roman, times, serif; font-size: 36pt;\"><strong>Guerre d\u2019an\u00e9antissement et extension du domaine de la lutte<\/strong><\/span><\/p>\n<p style=\"text-align: justify;\"><span style=\"font-family: times new roman, times, serif; font-size: 14pt;\"><strong>\u00a0<\/strong><\/span><\/p>\n<p style=\"text-align: center;\"><span style=\"font-family: times new roman, times, serif; font-size: 14pt;\"><a href=\"https:\/\/strategika51.org\/author\/strategika51\/\"><strong><em><span style=\"font-size: 18pt;\">Strategika51<\/span><\/em><\/strong> <\/a><span style=\"font-size: 18pt;\"><strong>\u2013 23.7.2020<\/strong><\/span><\/span><\/p>\n<p>&nbsp;<\/p>\n<p>&nbsp;<\/p>\n<p style=\"text-align: center;\"><a href=\"http:\/\/blog.lesgrossesorchadeslesamplesthalameges.fr\/wp-content\/uploads\/2020\/07\/An\u00e9antissement.jpg\"><img loading=\"lazy\" class=\"alignnone wp-image-11691 size-full\" src=\"http:\/\/blog.lesgrossesorchadeslesamplesthalameges.fr\/wp-content\/uploads\/2020\/07\/An\u00e9antissement.jpg\" alt=\"\" width=\"600\" height=\"336\" srcset=\"https:\/\/blog.lesgrossesorchadeslesamplesthalameges.fr\/wp-content\/uploads\/2020\/07\/An\u00e9antissement.jpg 600w, https:\/\/blog.lesgrossesorchadeslesamplesthalameges.fr\/wp-content\/uploads\/2020\/07\/An\u00e9antissement-300x168.jpg 300w\" sizes=\"(max-width: 600px) 100vw, 600px\" \/><\/a><\/p>\n<p style=\"text-align: justify;\"><span style=\"font-family: times new roman, times, serif; font-size: 14pt;\"><strong>\u00a0<\/strong><\/span><\/p>\n<p style=\"text-align: justify;\"><span style=\"font-family: times new roman, times, serif; font-size: 14pt;\"><strong>\u00a0<\/strong><\/span><\/p>\n<p style=\"text-align: justify;\"><span style=\"font-family: times new roman, times, serif; font-size: 14pt;\">La guerre dans le cyber-espace fait rage. Apr\u00e8s une s\u00e9rie d\u2019attaques cybern\u00e9tiques fort complexes ayant cibl\u00e9s des infrastructures industrielles dans plusieurs pays, y compris des sites hautement strat\u00e9giques en Iran, en Chine et aux Etats-Unis, une autre partie se joue au niveau de la guerre de l\u2019information. Les g\u00e9ants de l\u2019Internet viennent de lancer une s\u00e9rie d\u2019algorithmes visant \u00e0 modifier, alt\u00e9rer et orienter les moteurs de recherche mais surtout \u00e0 neutraliser syst\u00e9matiquement tout contenu du mouvement souterrain QAnon, une n\u00e9buleuse de partisans anonymes- dont certains sont issus de la communaut\u00e9 du renseignement et des forces arm\u00e9es- se battant contre ce que l\u2019on appelle l\u2019Etat profond US et ses alli\u00e9s dans le monde et soutenant que le 45\u00e8me pr\u00e9sident des Etats-Unis, en l\u2019occurence Donald Trump, fait face depuis son \u00e9lection \u00e0 un immense complot de nature criminelle s\u2019\u00e9tendant \u00e0 la plupart des pays d\u2019Am\u00e9rique du Nord, d\u2019Europe occidentale et centrale, d\u2019Europe orientale, du Moyen-Orient, du Golfe et d\u2019Asie.<\/span><\/p>\n<p style=\"text-align: right;\"><a href=\"https:\/\/strategika51.org\/2020\/07\/23\/guerre-daneantissement-et-extension-du-domaine-de-la-lutte\/\"><strong><span style=\"font-family: arial black, sans-serif; font-size: 14pt;\">Lire la suite\u2026<\/span><\/strong><\/a><\/p>\n<p><span style=\"font-family: times new roman, times, serif; font-size: 14pt;\">Source\u00a0: <a href=\"https:\/\/strategika51.org\/2020\/07\/23\/guerre-daneantissement-et-extension-du-domaine-de-la-lutte\/\">https:\/\/strategika51.org\/2020\/07\/23\/guerre-daneantissement-et-extension-du-domaine-de-la-lutte\/<\/a><\/span><\/p>\n<p>&nbsp;<\/p>\n<p style=\"text-align: left;\"><strong><span style=\"font-family: comic sans ms, sans-serif; font-size: 14pt; color: #c00000;\">Quand m\u00eame salu\u00e9 dans les commentaires d\u2019un \u00ab\u00a0MAGNIFIQUE TEXTE BRAVO STRATEGIKA\u00a0\u00bb, par Nicolas Bonnal.<\/span><\/strong><\/p>\n<p>&nbsp;<\/p>\n<p>&nbsp;<\/p>\n<p style=\"text-align: center;\"><a href=\"http:\/\/blog.lesgrossesorchadeslesamplesthalameges.fr\/wp-content\/uploads\/2020\/07\/Yes-I-Qan.jpg\"><img loading=\"lazy\" class=\"alignnone wp-image-11693 size-full\" src=\"http:\/\/blog.lesgrossesorchadeslesamplesthalameges.fr\/wp-content\/uploads\/2020\/07\/Yes-I-Qan.jpg\" alt=\"\" width=\"600\" height=\"427\" srcset=\"https:\/\/blog.lesgrossesorchadeslesamplesthalameges.fr\/wp-content\/uploads\/2020\/07\/Yes-I-Qan.jpg 600w, https:\/\/blog.lesgrossesorchadeslesamplesthalameges.fr\/wp-content\/uploads\/2020\/07\/Yes-I-Qan-300x214.jpg 300w\" sizes=\"(max-width: 600px) 100vw, 600px\" \/><\/a><\/p>\n<p>&nbsp;<\/p>\n<p>&nbsp;<\/p>\n<p>&nbsp;<\/p>\n<p style=\"text-align: center;\"><a href=\"http:\/\/blog.lesgrossesorchadeslesamplesthalameges.fr\/wp-content\/uploads\/2020\/07\/COVID-masqu\u00e9-GF.gif\"><img loading=\"lazy\" class=\"alignnone wp-image-11652\" src=\"http:\/\/blog.lesgrossesorchadeslesamplesthalameges.fr\/wp-content\/uploads\/2020\/07\/COVID-masqu\u00e9-GF.gif\" alt=\"\" width=\"75\" height=\"75\" \/><\/a><\/p>\n<p>&nbsp;<\/p>\n<p>&nbsp;<\/p>\n<p style=\"text-align: right;\"><span style=\"font-family: times new roman, times, serif; font-size: 14pt;\"><strong><em>\u00ab\u00a0Il faut mourir puisque les technocrates triomphent\u00a0\u00bb<\/em><\/strong><\/span><\/p>\n<p style=\"text-align: right;\"><span style=\"font-family: times new roman, times, serif; font-size: 14pt;\"><strong><em>M.R.<\/em><\/strong><\/span><\/p>\n<p>&nbsp;<\/p>\n<p style=\"text-align: center;\"><span style=\"font-family: times new roman, times, serif; font-size: 36pt;\"><strong>Comment la chute de Robespierre<br \/>\na inaugur\u00e9 le r\u00e8gne des technocrates<\/strong><\/span><\/p>\n<p>&nbsp;<\/p>\n<p style=\"text-align: center;\"><span style=\"font-family: times new roman, times, serif; font-size: 18pt;\"><strong>Vincent Ortiz \u2013 <em>Comit\u00e9 Valmy<\/em> \u2013\u00a0 22.7.2020<\/strong><\/span><\/p>\n<p>&nbsp;<\/p>\n<p>&nbsp;<\/p>\n<p style=\"text-align: center;\"><a href=\"http:\/\/blog.lesgrossesorchadeslesamplesthalameges.fr\/wp-content\/uploads\/2020\/07\/Arrestation-Robespierre.jpg\"><img loading=\"lazy\" class=\"alignnone wp-image-11692 size-full\" src=\"http:\/\/blog.lesgrossesorchadeslesamplesthalameges.fr\/wp-content\/uploads\/2020\/07\/Arrestation-Robespierre.jpg\" alt=\"\" width=\"600\" height=\"400\" srcset=\"https:\/\/blog.lesgrossesorchadeslesamplesthalameges.fr\/wp-content\/uploads\/2020\/07\/Arrestation-Robespierre.jpg 600w, https:\/\/blog.lesgrossesorchadeslesamplesthalameges.fr\/wp-content\/uploads\/2020\/07\/Arrestation-Robespierre-300x200.jpg 300w\" sizes=\"(max-width: 600px) 100vw, 600px\" \/><\/a><\/p>\n<p style=\"text-align: center;\"><span style=\"font-family: times new roman, times, serif; font-size: 12pt;\"><strong><em>L\u2019arrestation de Robespierre \u00e0 l\u2019Assembl\u00e9e Nationale.<\/em><\/strong><\/span><\/p>\n<p style=\"text-align: center;\"><span style=\"font-family: times new roman, times, serif; font-size: 14pt;\"><strong>\u00a0<\/strong><\/span><\/p>\n<p style=\"text-align: justify;\"><span style=\"font-family: times new roman, times, serif; font-size: 14pt;\"><strong>\u00a0<\/strong><\/span><\/p>\n<p style=\"text-align: justify;\"><span style=\"font-family: times new roman, times, serif; font-size: 14pt;\"><strong><em>Maximilien Robespierre, la veille encore l\u2019homme le plus puissant de France, est \u00e9tendu, couvert de sang et la m\u00e2choire fracass\u00e9e. Le grand fauve est captur\u00e9. La Terreur prend fin. Avec elle s\u2019\u00e9teint l\u2019esprit enflamm\u00e9 de la R\u00e9volution\u00a0; l\u2019\u00e8re h\u00e9ro\u00efque est termin\u00e9e. C\u2019est l\u2019heure des h\u00e9ritiers, des chevaliers d\u2019industrie et des profiteurs, des faiseurs de butin et des \u00e2mes \u00e0 double visage, des g\u00e9n\u00e9raux et des financiers\u00a0\u00bb. C\u2019est par ces mots que Stefan Zweig \u00e9voque le 9 Thermidor an II (27 juillet 1794), qui a vu l\u2019arrestation de Robespierre et de ses alli\u00e9s. C\u2019est une certaine conception de la R\u00e9publique qui meurt\u00a0: le jacobinisme, qui a marqu\u00e9 ses contemporains par son caract\u00e8re violemment pl\u00e9b\u00e9ien, \u00ab\u00a0populiste\u00a0\u00bb, dirait-on aujourd\u2019hui, et donc r\u00e9solument conflictuel. Il laisse la place au r\u00e8gne du consensus, du compromis, de la \u00ab\u00a0mod\u00e9ration\u00a0\u00bb. On proclame la fin des conflits et des id\u00e9ologies (des \u00ab\u00a0opinions\u00a0\u00bb, disait-on alors). On souhaite achever cette \u00e8re d\u2019agitation et de guerre civile qui s\u2019est ouverte en 1789. Pour cela, on d\u00e9cide de transf\u00e9rer le pouvoir \u00e0 une classe restreinte, qui se distingue par sa ma\u00eetrise de l\u2019art politique et de la science \u00e9conomique, suffisamment sage, dit-on, pour gouverner dans l\u2019int\u00e9r\u00eat de tous.<\/em><\/strong><\/span><\/p>\n<p style=\"text-align: right;\"><span style=\"font-family: times new roman, times, serif; font-size: 14pt;\"><a href=\"http:\/\/www.comite-valmy.org\/spip.php?article12027\"><strong><span style=\"font-family: arial black, sans-serif;\">Lire la suite\u2026<\/span><\/strong><\/a><\/span><\/p>\n<p><span style=\"font-family: times new roman, times, serif; font-size: 14pt;\">Source\u00a0: <a href=\"http:\/\/www.comite-valmy.org\/spip.php?article12027\">http:\/\/www.comite-valmy.org\/spip.php?article12027<\/a><\/span><\/p>\n<p style=\"text-align: justify;\"><span style=\"font-family: times new roman, times, serif; font-size: 14pt;\"><strong><em>\u00a0<\/em><\/strong><\/span><\/p>\n<p>&nbsp;<\/p>\n<p style=\"text-align: center;\"><span style=\"font-family: times new roman, times, serif; font-size: 14pt;\"><strong><em>\u00a0<a href=\"http:\/\/blog.lesgrossesorchadeslesamplesthalameges.fr\/wp-content\/uploads\/2020\/07\/COVID-masqu\u00e9-GF.gif\"><img loading=\"lazy\" class=\"alignnone wp-image-11652\" src=\"http:\/\/blog.lesgrossesorchadeslesamplesthalameges.fr\/wp-content\/uploads\/2020\/07\/COVID-masqu\u00e9-GF.gif\" alt=\"\" width=\"75\" height=\"75\" \/><\/a><\/em><\/strong><\/span><\/p>\n<p>&nbsp;<\/p>\n<p>&nbsp;<\/p>\n<p style=\"text-align: center;\"><span style=\"font-family: times new roman, times, serif; font-size: 36pt;\"><strong>Les 75 ans de la Conf\u00e9rence de Potsdam\u00a0:<br \/>\nencore une occasion de falsification de l\u2019histoire<\/strong><\/span><\/p>\n<p>&nbsp;<\/p>\n<p style=\"text-align: center;\"><span style=\"font-family: times new roman, times, serif; font-size: 18pt;\"><strong>Karine Bechet-Golovko \u2013 <em>Russie Politics<\/em> \u2013 20.7.2020<\/strong><\/span><\/p>\n<p>&nbsp;<\/p>\n<p style=\"text-align: justify;\"><span style=\"font-family: times new roman, times, serif; font-size: 14pt;\"><strong>\u00a0<\/strong><\/span><\/p>\n<p style=\"text-align: center;\"><a href=\"http:\/\/blog.lesgrossesorchadeslesamplesthalameges.fr\/wp-content\/uploads\/2020\/07\/Potsdam.png\"><img loading=\"lazy\" class=\"alignnone wp-image-11694\" src=\"http:\/\/blog.lesgrossesorchadeslesamplesthalameges.fr\/wp-content\/uploads\/2020\/07\/Potsdam-300x168.png\" alt=\"\" width=\"500\" height=\"280\" srcset=\"https:\/\/blog.lesgrossesorchadeslesamplesthalameges.fr\/wp-content\/uploads\/2020\/07\/Potsdam-300x168.png 300w, https:\/\/blog.lesgrossesorchadeslesamplesthalameges.fr\/wp-content\/uploads\/2020\/07\/Potsdam.png 600w\" sizes=\"(max-width: 500px) 100vw, 500px\" \/><\/a><\/p>\n<p>&nbsp;<\/p>\n<p>&nbsp;<\/p>\n<p style=\"text-align: justify;\"><span style=\"font-family: tahoma, arial, helvetica, sans-serif; font-size: 14pt;\"><strong>\u00c0 l\u2019occasion des 75 ans de la Conf\u00e9rence de Potsdam qui a dessin\u00e9 les contours du monde de l\u2019apr\u00e8s-guerre, monde qui a dur\u00e9 jusqu\u2019\u00e0 la chute de l\u2019Union sovi\u00e9tique, une exposition est organis\u00e9e en Allemagne, \u00e0 laquelle la Russie \u00e9tait invit\u00e9e \u00e0 participer. Jusqu\u2019au moment o\u00f9 la diff\u00e9rence d\u2019approche de la guerre et des personnalit\u00e9s ne soit tellement forte, qu\u2019une participation serait revenue, pour le minist\u00e8re russe de la Culture, \u00e0 valider une \u00e9ni\u00e8me r\u00e9\u00e9criture de l\u2019histoire. Cette diff\u00e9rence de \u00ab\u00a0vision\u00a0\u00bb est par ailleurs revendiqu\u00e9e haut et fort par l\u2019organisateur de l\u2019\u00e9v\u00e8nement, l\u2019appelant en Novlangue \u00ab\u00a0objectivit\u00e9\u00a0\u00bb.<\/strong><\/span><\/p>\n<p>&nbsp;<\/p>\n<p>&nbsp;<\/p>\n<p style=\"text-align: center;\"><iframe loading=\"lazy\" src=\"https:\/\/player.ina.fr\/player\/embed\/AFE86003211\/1\/1b0bd203fbcd702f9bc9b10ac3d0fc21\/620\/349\/1\" width=\"620\" height=\"349\" frameborder=\"0\" marginwidth=\"0\" marginheight=\"0\" scrolling=\"no\"><\/iframe><\/p>\n<p>&nbsp;<\/p>\n<p>&nbsp;<\/p>\n<p style=\"text-align: justify;\"><span style=\"font-family: times new roman, times, serif; font-size: 14pt;\">La Fondation des ch\u00e2teaux et jardins prussiens de Berlin-Brandebourg a organis\u00e9 pour les 75 ans de la Conf\u00e9rence de Potsdam, tenue \u00e0 Potsdam du 17 juillet au 2 ao\u00fbt 1945, une exposition, qui se veut, je cite, \u00ab\u00a0objective et non id\u00e9ologique\u00a0\u00bb de ce qui est appel\u00e9 imm\u00e9diatement \u00ab\u00a0les jours fatidiques de l\u2019\u00e9t\u00e9 45\u00a0\u00bb. D\u00e8s les premiers mots, l\u2019objectivit\u00e9 semble tr\u00e8s orient\u00e9e. L\u2019on aurait aim\u00e9 savoir ce qui est fatidique en \u00e9t\u00e9 1945\u00a0? La capitulation de l\u2019Allemagne nazie\u00a0?<\/span><\/p>\n<p style=\"text-align: justify;\"><span style=\"font-family: times new roman, times, serif; font-size: 14pt;\">Lors de l\u2019organisation, la Russie a \u00e9t\u00e9 contact\u00e9e, afin de pr\u00eater des objets historiques, pouvant entrer dans le cadre de l\u2019exposition. Le minist\u00e8re russe de la culture, entre autres choses, a propos\u00e9 des affaires personnelles de Staline, les uniformes des participants \u00e0 la Conf\u00e9rence, des documents d\u2019\u00e9poque, des objets de la vie sous la guerre, etc. Bref, ce qui peut donner vie \u00e0 une \u00e9poque.<\/span><\/p>\n<p style=\"text-align: justify;\"><span style=\"font-family: times new roman, times, serif; font-size: 14pt;\">Tout se passait bien tant que les annotations, devant accompagner ces objets, ne furent pas \u00e9crites par les organisateurs. La Russie, qui voulait en v\u00e9rifier notamment la traduction, demanda \u00e0 les voir. Apr\u00e8s expertise des historiens russes, la situation s\u2019est compliqu\u00e9e. Medinsky, ancien ministre de la Culture et conseiller du Pr\u00e9sident, explique que la pr\u00e9sentation des faits \u00e9tait \u00e0 ce point d\u00e9tourn\u00e9e et d\u00e9gradante, que l\u2019on assistait \u00e0 une nouvelle tentative de falsification de l\u2019histoire.<\/span><\/p>\n<p style=\"text-align: right;\"><strong><span style=\"font-family: arial black, sans-serif; font-size: 14pt;\"><a href=\"http:\/\/russiepolitics.blogspot.com\/2020\/07\/les-75-ans-de-la-conference-de-potsdam.html\">Lire la suite\u2026<\/a><\/span><\/strong><\/p>\n<p><span style=\"font-family: times new roman, times, serif; font-size: 14pt;\">Source\u00a0: <a href=\"http:\/\/russiepolitics.blogspot.com\/2020\/07\/les-75-ans-de-la-conference-de-potsdam.html\">http:\/\/russiepolitics.blogspot.com\/2020\/07\/les-75-ans-de-la-conference-de-potsdam.html<\/a><\/span><\/p>\n<p>&nbsp;<\/p>\n<p>&nbsp;<\/p>\n<p style=\"text-align: center;\"><a href=\"http:\/\/blog.lesgrossesorchadeslesamplesthalameges.fr\/wp-content\/uploads\/2020\/07\/COVID-masqu\u00e9-GF.gif\"><img loading=\"lazy\" class=\"alignnone wp-image-11652\" src=\"http:\/\/blog.lesgrossesorchadeslesamplesthalameges.fr\/wp-content\/uploads\/2020\/07\/COVID-masqu\u00e9-GF.gif\" alt=\"\" width=\"75\" height=\"75\" \/><\/a><\/p>\n<p>&nbsp;<\/p>\n<p>&nbsp;<\/p>\n<p style=\"text-align: center;\"><span style=\"color: #ff0000; font-size: 36pt;\"><span style=\"font-family: times new roman, times, serif;\"><strong>\u00c0 propos de falsifications de l\u2019Histoire<\/strong><\/span><\/span><\/p>\n<p style=\"text-align: justify;\"><span style=\"font-family: times new roman, times, serif; font-size: 14pt;\"><strong>\u00a0<\/strong><\/span><\/p>\n<p style=\"text-align: justify;\"><span style=\"font-family: comic sans ms, sans-serif; font-size: 14pt;\"><strong>Il n\u2019est jamais trop t\u00f4t pour annoncer que le prochain Colloque Henri Guillemin \u2013 qui doit se d\u00e9rouler vers le mois de novembre \u2013 portera sur les conditions d\u2019enseignement de l\u2019histoire aujourd\u2019hui.<\/strong><\/span><\/p>\n<p style=\"text-align: justify;\"><span style=\"font-family: comic sans ms, sans-serif; font-size: 14pt;\"><strong>\u00a0<\/strong><\/span><\/p>\n<p style=\"text-align: justify; padding-left: 90px;\"><span style=\"font-family: comic sans ms, sans-serif; font-size: 14pt;\"><strong>\u00ab\u00a0<\/strong><strong>L&rsquo;enseignement de l&rsquo;Histoire en p\u00e9ril &#8211; histoire politique, litt\u00e9raire, histoire de la pens\u00e9e \u00e9conomique&#8230; &#8211; une amn\u00e9sie collective organis\u00e9e.\u00a0\u00bb<\/strong><\/span><\/p>\n<p>&nbsp;<\/p>\n<p style=\"text-align: justify;\"><span style=\"font-family: comic sans ms, sans-serif; font-size: 14pt;\"><strong>Et qu\u2019y participeront \u2013 c\u2019est d\u00e9j\u00e0 s\u00fbr \u2013 Annie Lacroix-Riz et Shlomo Sand. <\/strong><\/span><\/p>\n<p style=\"text-align: justify;\"><span style=\"font-family: times new roman, times, serif; font-size: 14pt;\"><span style=\"font-family: comic sans ms, sans-serif;\"><strong>Nous ne savons pas encore qui seront les autres. (On aimerait qu\u2019en soit <a href=\"https:\/\/fr.wikipedia.org\/wiki\/Mathilde_Larr%C3%A8re\">Mathilde Larr\u00e8re<\/a><\/strong><\/span><span style=\"font-family: comic sans ms, sans-serif;\">,<\/span><strong><span style=\"font-family: comic sans ms, sans-serif;\"> qui s\u2019y conna\u00eet par exemple en histoire du maintien de l\u2019ordre, mais ce n\u2019est pas nous qui organisons\u2026) Quoi qu\u2019il en soit, gageons qu\u2019ils auront tous des choses \u00e0 dire et des solutions \u00e0 pr\u00e9coniser. Car il serait temps, <em>grand temps<\/em>, que l\u2019enseignement d\u2019une mati\u00e8re aussi cruciale soit arrach\u00e9 aux embrassements libidineux du capitalisme philantropico-lib\u00e9ral et \u00e0 la pens\u00e9e z\u00e9ro de ses petites mains aussi ignares que vendues.<\/span><\/strong><\/span><\/p>\n<p style=\"text-align: justify;\"><span style=\"font-family: comic sans ms, sans-serif; font-size: 14pt;\"><strong>\u00c0 suivre en temps utile sur\u00a0: <\/strong><a href=\"http:\/\/www.henriguillemin.org\/\"><strong>http:\/\/www.henriguillemin.org\/<\/strong><\/a><\/span><\/p>\n<p>&nbsp;<\/p>\n<p>&nbsp;<\/p>\n<p style=\"text-align: center;\"><a href=\"http:\/\/blog.lesgrossesorchadeslesamplesthalameges.fr\/wp-content\/uploads\/2020\/07\/COVID-masqu\u00e9-GF.gif\"><img loading=\"lazy\" class=\"alignnone wp-image-11652\" src=\"http:\/\/blog.lesgrossesorchadeslesamplesthalameges.fr\/wp-content\/uploads\/2020\/07\/COVID-masqu\u00e9-GF.gif\" alt=\"\" width=\"75\" height=\"75\" \/><\/a><\/p>\n<p>&nbsp;<\/p>\n<p style=\"text-align: center;\"><strong><span style=\"font-family: times new roman, times, serif; font-size: 36pt;\">La seule alternative \u00e0 Macron et au RN s&rsquo;appelle FREXIT progressiste<\/span><\/strong><\/p>\n<p>&nbsp;<\/p>\n<p style=\"text-align: center;\"><span style=\"font-family: times new roman, times, serif; font-size: 18pt;\"><strong>Georges Gastaud, Fadi Kassem \u2013 <em>LGS<\/em> \u2013 22.7.2020<\/strong><\/span><\/p>\n<p>&nbsp;<\/p>\n<p>&nbsp;<\/p>\n<p style=\"text-align: center;\"><a href=\"http:\/\/blog.lesgrossesorchadeslesamplesthalameges.fr\/wp-content\/uploads\/2020\/07\/FREXIT-copi\u00e9-GIF.gif\"><img loading=\"lazy\" class=\"alignnone wp-image-11695 size-full\" src=\"http:\/\/blog.lesgrossesorchadeslesamplesthalameges.fr\/wp-content\/uploads\/2020\/07\/FREXIT-copi\u00e9-GIF.gif\" alt=\"\" width=\"600\" height=\"356\" \/><\/a><\/p>\n<p>&nbsp;<\/p>\n<p>&nbsp;<\/p>\n<p style=\"text-align: justify;\"><span style=\"font-family: tahoma, arial, helvetica, sans-serif; font-size: 14pt;\"><strong>Au sortir du d\u00e9sastre qu\u2019ont \u00e9t\u00e9 les gestions fran\u00e7aise et europ\u00e9enne de la crise sanitaire (et nous n\u2019avons pas encore tout vu en la mati\u00e8re\u00a0!), apr\u00e8s l\u2019abstention massive aux municipales qui montre \u00e0 quel point les classes populaires se d\u00e9tournent d\u00e9sormais de l\u2019ensemble du dispositif institutionnel, apr\u00e8s l\u2019affichage on ne peut plus patronal et droitier du gouvernement Castex, l\u2019espoir subsiste-t-il d\u2019offrir \u00e0 notre peuple une issue progressiste \u00e0 la crise gravissime qui d\u00e9chire notre pays\u00a0?<\/strong><\/span><\/p>\n<p>&nbsp;<\/p>\n<p style=\"text-align: justify;\"><span style=\"font-family: times new roman, times, serif; font-size: 14pt;\">Continuer avec Macron, c\u2019est en r\u00e9alit\u00e9, sous les discours pseudo-patriotiques du chef de l\u2019Etat et le saupoudrage \u201csocial\u201d paternaliste de Jean Castex, opter pour l\u2019extinction programm\u00e9e d\u2019une France ind\u00e9pendante et tant soit peu sociale. Chaque contre-r\u00e9forme annonc\u00e9e signe la mise en extinction d\u2019un acquis du CNR, d\u2019une partie du produire en France, d\u2019un service public, d\u2019un pan nouveau de la souverainet\u00e9 nationale, d\u2019une libert\u00e9 d\u00e9mocratique durement conquise\u00a0; sans parler de l\u2019officialisation galopante du tout-anglais \u00e0 l\u2019Universit\u00e9, du d\u00e9mant\u00e8lement des communes au nom des \u00ab\u00a0euro-m\u00e9tropoles\u00a0\u00bb et du d\u00e9montage de la R\u00e9publique une et indivisible au nom du \u00ab\u00a0pacte girondin\u00a0\u00bb et des euro-r\u00e9gions. Au rythme infernal o\u00f9 va Macron, apr\u00e8s Sarkozy, Hollande et Raffarin, la \u00ab\u00a0France\u00a0\u00bb ne sera bient\u00f4t plus qu\u2019un \u00ab\u00a0couteau sans manche dont on a jet\u00e9 la lame\u00a0\u00bb \u00e0 l\u2019int\u00e9rieur d\u2019une \u00ab\u00a0construction\u00a0\u00bb euro-atlantique elle-m\u00eame en crise dont les membres ne s\u2019accordent que pour financer l\u2019OTAN, maintenir l\u2019euro-aust\u00e9rit\u00e9, multiplier les emprunts non remboursables aux march\u00e9s financiers, aggraver la tutelle continentale de Berlin et la supervision de Washington, adouber des gouvernements cl\u00e9ricaux et nostalgiques du fascisme (pays baltes, Hongrie, Pologne, Ukraine&#8230;) et criminaliser les symboles communistes sur tout le continent (voir la r\u00e9solution du parlement europ\u00e9en qui ose mettre sur le m\u00eame plan le III\u00e8me Reich et son principal vainqueur militaire, l\u2019Union des R\u00e9publiques Socialistes Sovi\u00e9tiques&#8230;).<\/span><\/p>\n<p style=\"text-align: right;\"><span style=\"font-family: times new roman, times, serif; font-size: 14pt;\"><a href=\"https:\/\/www.legrandsoir.info\/la-seule-alternative-a-macron-et-au-rn-s-appelle-frexit-progressiste.html\"><strong><span style=\"font-family: arial black, sans-serif;\">Lire\u00a0la\u00a0suite<\/span><\/strong><\/a><\/span><\/p>\n<p><span style=\"font-family: times new roman, times, serif; font-size: 14pt;\">Source\u00a0: <a href=\"https:\/\/www.legrandsoir.info\/la-seule-alternative-a-macron-et-au-rn-s-appelle-frexit-progressiste.html\">https:\/\/www.legrandsoir.info\/la-seule-alternative-a-macron-et-au-rn-s-appelle-frexit-progressiste.html<\/a><\/span><\/p>\n<p>&nbsp;<\/p>\n<p>&nbsp;<\/p>\n<p style=\"text-align: center;\"><a href=\"http:\/\/blog.lesgrossesorchadeslesamplesthalameges.fr\/wp-content\/uploads\/2020\/07\/COVID-masqu\u00e9-GF.gif\"><img loading=\"lazy\" class=\"alignnone wp-image-11652\" src=\"http:\/\/blog.lesgrossesorchadeslesamplesthalameges.fr\/wp-content\/uploads\/2020\/07\/COVID-masqu\u00e9-GF.gif\" alt=\"\" width=\"75\" height=\"75\" \/><\/a><\/p>\n<p>&nbsp;<\/p>\n<p>&nbsp;<\/p>\n<p style=\"text-align: left;\"><span style=\"font-family: times new roman, times, serif; font-size: 18pt; color: #c00000;\"><strong><em>Ah, un nouveau Garde des Sceaux en France\u00a0!&#8230;. R\u00e9gis de Castelnau n\u2019est pas emball\u00e9.<\/em><\/strong><\/span><\/p>\n<p style=\"text-align: justify;\"><span style=\"font-family: times new roman, times, serif; font-size: 14pt;\"><strong>\u00a0<\/strong><\/span><\/p>\n<p style=\"text-align: center;\"><span style=\"font-family: times new roman, times, serif; font-size: 36pt;\"><strong>Retour des djihadistes, Traor\u00e9 : Dupond Moretti commence fort<\/strong><\/span><\/p>\n<p style=\"text-align: justify;\"><span style=\"font-family: times new roman, times, serif; font-size: 14pt;\"><strong>\u00a0<\/strong><\/span><\/p>\n<p style=\"text-align: center;\"><span style=\"font-family: times new roman, times, serif; font-size: 18pt;\"><strong>R\u00e9gis de Castelnau \u2013 <em>Vu du Droit<\/em> \u2013 23.7.2020<\/strong><\/span><\/p>\n<p>&nbsp;<\/p>\n<p>&nbsp;<\/p>\n<p style=\"text-align: center;\"><a href=\"http:\/\/blog.lesgrossesorchadeslesamplesthalameges.fr\/wp-content\/uploads\/2020\/07\/Djihadistes.jpg\"><img loading=\"lazy\" class=\"alignnone wp-image-11696 size-full\" src=\"http:\/\/blog.lesgrossesorchadeslesamplesthalameges.fr\/wp-content\/uploads\/2020\/07\/Djihadistes.jpg\" alt=\"\" width=\"600\" height=\"399\" srcset=\"https:\/\/blog.lesgrossesorchadeslesamplesthalameges.fr\/wp-content\/uploads\/2020\/07\/Djihadistes.jpg 600w, https:\/\/blog.lesgrossesorchadeslesamplesthalameges.fr\/wp-content\/uploads\/2020\/07\/Djihadistes-300x200.jpg 300w\" sizes=\"(max-width: 600px) 100vw, 600px\" \/><\/a><\/p>\n<p>&nbsp;<\/p>\n<p>&nbsp;<\/p>\n<p style=\"text-align: justify;\"><span style=\"font-family: times new roman, times, serif; font-size: 14pt;\">\u00c9ric Dupond-Moretti, le bravache de la soci\u00e9t\u00e9 du spectacle dont Macron dans un souci de diversion avec son lugubre remaniement nous a fait un Garde des Sceaux, n\u2019ira probablement nulle part. Car quelles que soient ses intentions, et il y en a peut-\u00eatre de souhaitables, nous savons bien qu\u2019il ne pourra rien faire d\u2019utile. Ne pouvant \u00e9chapper \u00e0 ce qu\u2019il est, une caution sans pouvoir. Juste un exemple, la justice fran\u00e7aise une des plus pauvres d\u2019Europe, est compl\u00e8tement en faillite, l\u2019avons-nous entendu <span style=\"font-family: arial black, sans-serif;\">s\u2019exprimer<\/span> sur la n\u00e9cessit\u00e9 absolue et urgente d\u2019augmenter consid\u00e9rablement son budget ? Eh non, parce que l\u00e0 il s\u2019agit d\u2019affronter Bercy, o\u00f9 r\u00e9sident les vrais patrons du syst\u00e8me Macron et o\u00f9 effets de manches et aboiements n\u2019impressionnent personne.<\/span><\/p>\n<p style=\"text-align: justify;\"><span style=\"font-family: times new roman, times, serif; font-size: 14pt;\">On l\u2019entend en revanche plus facilement sur des sujets secondaires jet\u00e9s en p\u00e2ture \u00e0 la pol\u00e9mique, comme par exemple<a href=\"https:\/\/www.bfmtv.com\/police-justice\/dupond-moretti-toujours-favorable-au-retour-des-jihadistes-francais_AN-202007190057.html\"> le rapatriement des djihadistes<\/a> de nationalit\u00e9 fran\u00e7aise partis rejoindre le terrorisme islamiste au Moyen-Orient, ou son ing\u00e9rence dans la proc\u00e9dure judiciaire concernant la mort d\u2019Adama Traor\u00e9.<\/span><\/p>\n<p style=\"text-align: right;\"><strong><span style=\"font-family: arial black, sans-serif; font-size: 14pt;\"><a href=\"https:\/\/www.vududroit.com\/2020\/07\/retour-des-djihadistes-traore-dupond-moretti-commence-fort\/\">Lire la suite\u2026<\/a><\/span><\/strong><\/p>\n<p style=\"text-align: left;\"><span style=\"font-family: times new roman, times, serif; font-size: 14pt;\">Source\u00a0: <a href=\"https:\/\/www.vududroit.com\/2020\/07\/retour-des-djihadistes-traore-dupond-moretti-commence-fort\/\">https:\/\/www.vududroit.com\/2020\/07\/retour-des-djihadistes-traore-dupond-moretti-commence-fort\/<\/a><\/span><\/p>\n<p>&nbsp;<\/p>\n<p>&nbsp;<\/p>\n<p style=\"text-align: center;\"><a href=\"http:\/\/blog.lesgrossesorchadeslesamplesthalameges.fr\/wp-content\/uploads\/2020\/07\/Adama-Traor\u00e9-GIF.gif\"><img loading=\"lazy\" class=\"alignnone wp-image-11697 size-full\" src=\"http:\/\/blog.lesgrossesorchadeslesamplesthalameges.fr\/wp-content\/uploads\/2020\/07\/Adama-Traor\u00e9-GIF.gif\" alt=\"\" width=\"600\" height=\"451\" \/><\/a><\/p>\n<p>&nbsp;<\/p>\n<p>&nbsp;<\/p>\n<p style=\"text-align: center;\"><a href=\"http:\/\/blog.lesgrossesorchadeslesamplesthalameges.fr\/wp-content\/uploads\/2020\/07\/COVID-masqu\u00e9-GF.gif\"><img loading=\"lazy\" class=\"alignnone wp-image-11652\" src=\"http:\/\/blog.lesgrossesorchadeslesamplesthalameges.fr\/wp-content\/uploads\/2020\/07\/COVID-masqu\u00e9-GF.gif\" alt=\"\" width=\"75\" height=\"75\" \/><\/a><\/p>\n<p>&nbsp;<\/p>\n<p>&nbsp;<\/p>\n<p style=\"text-align: center;\"><span style=\"font-family: times new roman, times, serif; font-size: 60pt; color: #c00000;\">Des lectures d\u2019importance pour votre \u00e9t\u00e9<\/span><\/p>\n<p style=\"text-align: justify;\"><span style=\"font-family: times new roman, times, serif; font-size: 14pt;\"><strong><em>\u00a0<\/em><\/strong><\/span><\/p>\n<p>&nbsp;<\/p>\n<p style=\"text-align: left;\"><span style=\"font-family: times new roman, times, serif; font-size: 18pt; color: #c00000;\"><strong><em>Une mise \u00e0 plat du Saker, qui s\u2019exprime d\u00e9sormais moins souvent mais plus dens\u00e9ment<\/em><\/strong><\/span><\/p>\n<p>&nbsp;<\/p>\n<p>&nbsp;<\/p>\n<p style=\"text-align: right;\"><span style=\"font-family: times new roman, times, serif; font-size: 14pt;\"><strong><em>\u00a0<a href=\"http:\/\/blog.lesgrossesorchadeslesamplesthalameges.fr\/wp-content\/uploads\/2020\/07\/Saker.png\"><img loading=\"lazy\" class=\"alignnone wp-image-11700\" src=\"http:\/\/blog.lesgrossesorchadeslesamplesthalameges.fr\/wp-content\/uploads\/2020\/07\/Saker.png\" alt=\"\" width=\"250\" height=\"186\" \/><\/a><\/em><\/strong><\/span><\/p>\n<p style=\"text-align: justify;\"><span style=\"font-family: times new roman, times, serif; font-size: 14pt;\"><strong>\u00a0<\/strong><\/span><\/p>\n<p>&nbsp;<\/p>\n<p style=\"text-align: center;\"><span style=\"font-family: times new roman, times, serif; font-size: 36pt;\"><strong>L\u2019arbre en feu qui cache la for\u00eat sombre et dangereuse<\/strong><\/span><\/p>\n<p>&nbsp;<\/p>\n<p style=\"text-align: center;\"><span style=\"font-family: times new roman, times, serif; font-size: 18pt;\"><strong>Le Saker\u00a0 \u2013 <\/strong><a href=\"https:\/\/www.unz.com\/tsaker\/there-is-a-dark-and-dangerous-forest-behind-these-burning-trees\/\"><strong><em>Unz Review<\/em><\/strong><\/a><strong> &amp; <\/strong><a href=\"http:\/\/thesaker.is\/there-is-a-dark-and-dangerous-forest-behind-these-burning-trees\/\"><strong><em>thesaker.is<\/em><\/strong><\/a><strong>\u00a0 \u2013\u00a0 14.7.2020<\/strong><\/span><\/p>\n<p style=\"text-align: center;\"><span style=\"font-family: times new roman, times, serif; font-size: 18pt;\">Traduction :<strong> <em>Le Saker francophone<\/em><\/strong><\/span><\/p>\n<p style=\"text-align: justify;\"><span style=\"font-family: times new roman, times, serif; font-size: 14pt;\"><strong>\u00a0<\/strong><\/span><\/p>\n<p>&nbsp;<\/p>\n<p style=\"text-align: center;\"><a href=\"http:\/\/blog.lesgrossesorchadeslesamplesthalameges.fr\/wp-content\/uploads\/2020\/07\/Saker-feu.jpg\"><img loading=\"lazy\" class=\"alignnone wp-image-11701 size-full\" src=\"http:\/\/blog.lesgrossesorchadeslesamplesthalameges.fr\/wp-content\/uploads\/2020\/07\/Saker-feu.jpg\" alt=\"\" width=\"600\" height=\"338\" srcset=\"https:\/\/blog.lesgrossesorchadeslesamplesthalameges.fr\/wp-content\/uploads\/2020\/07\/Saker-feu.jpg 600w, https:\/\/blog.lesgrossesorchadeslesamplesthalameges.fr\/wp-content\/uploads\/2020\/07\/Saker-feu-300x169.jpg 300w\" sizes=\"(max-width: 600px) 100vw, 600px\" \/><\/a><\/p>\n<p>&nbsp;<\/p>\n<p>&nbsp;<\/p>\n<p style=\"text-align: justify;\"><span style=\"font-family: tahoma, arial, helvetica, sans-serif; font-size: 14pt;\"><strong>\u00c0 peu pr\u00e8s au milieu de l\u2019ann\u00e9e 2020, il devient assez \u00e9vident qu\u2019il existe un certain nombre de d\u00e9veloppements majeurs qui ont retenu\u00a0presque toute notre attention, et pour une bonne raison, car ce sont des changements tectoniques qui sont vraiment qualifi\u00e9s des <em>\u00ab\u00a0catastrophes\u00a0\u00bb<\/em> \u2013 selon la d\u00e9finition du mot <em>\u00ab un changement violent et soudain dans une caract\u00e9ristique de la terre \u00bb<\/em>. <\/strong><\/span><\/p>\n<p>&nbsp;<\/p>\n<p style=\"text-align: justify;\"><span style=\"font-family: times new roman, times, serif; font-size: 14pt;\">Les voici :<\/span><\/p>\n<p>&nbsp;<\/p>\n<ul style=\"text-align: justify;\">\n<li style=\"list-style-type: none;\">\n<ul>\n<li><span style=\"font-family: times new roman, times, serif; font-size: 14pt;\">L\u2019initiation de l\u2019effondrement global de l\u2019Empire anglo-sioniste.<\/span><\/li>\n<li><span style=\"font-family: times new roman, times, serif; font-size: 14pt;\">L\u2019immense bulle \u00e9conomique dont la taille sans cesse croissante est le meilleur indicateur de l\u2019ampleur de l\u2019\u00e9norme explosion qu\u2019elle entra\u00eenera in\u00e9vitablement.<\/span><\/li>\n<li><span style=\"font-family: times new roman, times, serif; font-size: 14pt;\">L\u2019implosion de la soci\u00e9t\u00e9 am\u00e9ricaine due \u00e0 une combinaison de plusieurs crises syst\u00e9miques profondes \u2013 effondrement \u00e9conomique, tensions raciales, pauvret\u00e9 de masse, ali\u00e9nation, absence de protections sociales, etc.<\/span><\/li>\n<li><span style=\"font-family: times new roman, times, serif; font-size: 14pt;\">La pand\u00e9mie de COVID-19 \u2013 alias <em>\u00abc\u2019est comme la grippe saisonni\u00e8re !!\u00bb \u2013<\/em>\u00a0qui ne fait qu\u2019exacerber tous les autres facteurs majeurs \u00e9num\u00e9r\u00e9s ci-dessus.<\/span><\/li>\n<li><span style=\"font-family: times new roman, times, serif; font-size: 14pt;\">Enfin, il est difficile d\u2019imaginer \u00e0 quoi ressemblera la prochaine \u00e9lection pr\u00e9sidentielle am\u00e9ricaine, mais une chose est s\u00fbre : d\u2019ici novembre, nous conna\u00eetrons d\u00e9j\u00e0 une temp\u00eate parfaite \u2013 l\u2019\u00e9lection ne fonctionnera que comme une source d\u2019\u00e9nergie qui alimentera encore plus cette temp\u00eate d\u00e9j\u00e0 parfaite.<\/span><\/li>\n<\/ul>\n<\/li>\n<\/ul>\n<p>&nbsp;<\/p>\n<p style=\"text-align: justify;\"><span style=\"font-family: times new roman, times, serif; font-size: 14pt;\">Certes, il s\u2019agit d\u2019\u00e9volutions v\u00e9ritablement importantes, historiques, dont l\u2019importance ne peut \u00eatre surestim\u00e9e. Ce ne sont cependant pas les seuls d\u00e9veloppements tr\u00e8s graves. Il existe, en effet, plusieurs zones de tensions politiques s\u00e9v\u00e8res qui pourraient \u00e9galement entra\u00eener une explosion majeure, bien que <em>\u00abseulement\u00bb<\/em> r\u00e9gionale\u00a0!<\/span><\/p>\n<p style=\"text-align: justify;\"><span style=\"font-family: times new roman, times, serif; font-size: 14pt;\">J\u2019en \u00e9num\u00e9rerai quelques-unes, en commen\u00e7ant par la plus visible<\/span><\/p>\n<p style=\"text-align: right;\"><span style=\"font-family: times new roman, times, serif; font-size: 14pt;\"><a href=\"https:\/\/lesakerfrancophone.fr\/larbre-en-feu-qui-cache-la-foret-sombre-et-dangereuse\"><strong><span style=\"font-family: arial black, sans-serif;\">Lire la suite\u2026<\/span><\/strong><\/a><\/span><\/p>\n<p>&nbsp;<\/p>\n<p style=\"text-align: left;\"><span style=\"font-family: times new roman, times, serif; font-size: 14pt;\">Source\u00a0: <a href=\"https:\/\/lesakerfrancophone.fr\/larbre-en-feu-qui-cache-la-foret-sombre-et-dangereuse\"><span style=\"font-family: times new roman, times, serif;\">https:\/\/lesakerf<\/span>rancophone.fr\/larbre-en-feu-qui-cache-la-foret-sombre-et-dangereuse<\/a><\/span><\/p>\n<p>&nbsp;<\/p>\n<p>&nbsp;<\/p>\n<p style=\"text-align: center;\"><a href=\"http:\/\/blog.lesgrossesorchadeslesamplesthalameges.fr\/wp-content\/uploads\/2020\/07\/COVID-masqu\u00e9-GF.gif\"><img loading=\"lazy\" class=\"alignnone wp-image-11652\" src=\"http:\/\/blog.lesgrossesorchadeslesamplesthalameges.fr\/wp-content\/uploads\/2020\/07\/COVID-masqu\u00e9-GF.gif\" alt=\"\" width=\"75\" height=\"75\" \/><\/a><\/p>\n<p>&nbsp;<\/p>\n<p>&nbsp;<\/p>\n<p><span style=\"color: #c00000;\"><strong><em><span style=\"font-size: 18pt; font-family: times new roman, times, serif;\">Victimes de la mode&#8230;<\/span><\/em><\/strong><\/span><\/p>\n<p>&nbsp;<\/p>\n<p style=\"text-align: center;\"><a href=\"http:\/\/blog.lesgrossesorchadeslesamplesthalameges.fr\/wp-content\/uploads\/2020\/07\/BLM.jpg\"><img loading=\"lazy\" class=\"alignnone wp-image-11707\" src=\"http:\/\/blog.lesgrossesorchadeslesamplesthalameges.fr\/wp-content\/uploads\/2020\/07\/BLM.jpg\" alt=\"\" width=\"500\" height=\"551\" srcset=\"https:\/\/blog.lesgrossesorchadeslesamplesthalameges.fr\/wp-content\/uploads\/2020\/07\/BLM.jpg 600w, https:\/\/blog.lesgrossesorchadeslesamplesthalameges.fr\/wp-content\/uploads\/2020\/07\/BLM-272x300.jpg 272w\" sizes=\"(max-width: 500px) 100vw, 500px\" \/><\/a><\/p>\n<p>&nbsp;<\/p>\n<p>&nbsp;<\/p>\n<p style=\"text-align: center;\"><a href=\"http:\/\/blog.lesgrossesorchadeslesamplesthalameges.fr\/wp-content\/uploads\/2020\/07\/COVID-masqu\u00e9-GF.gif\"><img loading=\"lazy\" class=\"alignnone wp-image-11652\" src=\"http:\/\/blog.lesgrossesorchadeslesamplesthalameges.fr\/wp-content\/uploads\/2020\/07\/COVID-masqu\u00e9-GF.gif\" alt=\"\" width=\"75\" height=\"75\" \/><\/a><\/p>\n<p style=\"text-align: justify;\"><span style=\"font-family: times new roman, times, serif; font-size: 14pt;\"><strong>\u00a0<\/strong><\/span><\/p>\n<p>&nbsp;<\/p>\n<p style=\"text-align: left;\"><span style=\"font-family: times new roman, times, serif; font-size: 18pt; color: #c00000;\"><strong><em>Celle-ci est en anglais \u2013 nous le regrettons fort \u2013 et longue \u2013 mais ce n\u2019est pas sa faute \u2013, en attendant que quelqu\u2019un l\u2019ait traduite, car elle m\u00e9rite de l\u2019\u00eatre.<\/em><\/strong><\/span><\/p>\n<p style=\"text-align: justify;\"><span style=\"font-family: times new roman, times, serif; font-size: 14pt;\"><strong>\u00a0<\/strong><\/span><\/p>\n<p style=\"text-align: justify;\"><span style=\"font-family: comic sans ms, sans-serif; font-size: 14pt;\"><strong>Il y est question d\u2019un certain M. Moshe Kantor, milliardaire, russe, isra\u00e9lien et anglais, qui veut instaurer la tol\u00e9rance obligatoire dans le monde, comme Bill Gates la vaccination, tout en pratiquant dans un de ses pays d\u2019\u00e9lection l\u2019apartheid. Il n\u2019est pas seul. On voit grenouiller \u00e0 son entour nombre de lobbies et <em>think tanks, <\/em>plus Toni Blair, qui s\u2019activent \u00e0 faire l\u00e9gif\u00e9rer ensemble et s\u00e9par\u00e9ment, de gr\u00e9 ou de force, l\u2019Union Europ\u00e9enne et chacun des pays d\u2019Europe, dans le sens cher au magnat altruiste.<\/strong><\/span><\/p>\n<p style=\"text-align: justify;\"><span style=\"font-family: comic sans ms, sans-serif; font-size: 14pt;\"><strong>\u00a0<\/strong><\/span><\/p>\n<p>&nbsp;<\/p>\n<p style=\"text-align: center;\"><span style=\"font-family: times new roman, times, serif; font-size: 36pt;\"><strong>\u201cSecure Tolerance\u201d : the Jewish Plan to Permanently Silence the West<\/strong><\/span><\/p>\n<p>&nbsp;<\/p>\n<p style=\"text-align: center;\"><span style=\"font-family: times new roman, times, serif; font-size: 18pt;\"><a href=\"https:\/\/www.unz.com\/author\/andrew-joyce\/\"><strong>Andrew Joyce<\/strong><\/a><strong> \u2013 <em>The Unz Review<\/em> \u2013 July 15, 2020<\/strong><\/span><\/p>\n<p>&nbsp;<\/p>\n<p>&nbsp;<\/p>\n<p>&nbsp;<\/p>\n<p style=\"text-align: center;\"><a href=\"http:\/\/blog.lesgrossesorchadeslesamplesthalameges.fr\/wp-content\/uploads\/2020\/07\/Kantor.jpg\"><img loading=\"lazy\" class=\"alignnone wp-image-11702\" src=\"http:\/\/blog.lesgrossesorchadeslesamplesthalameges.fr\/wp-content\/uploads\/2020\/07\/Kantor.jpg\" alt=\"\" width=\"500\" height=\"403\" srcset=\"https:\/\/blog.lesgrossesorchadeslesamplesthalameges.fr\/wp-content\/uploads\/2020\/07\/Kantor.jpg 600w, https:\/\/blog.lesgrossesorchadeslesamplesthalameges.fr\/wp-content\/uploads\/2020\/07\/Kantor-300x242.jpg 300w\" sizes=\"(max-width: 500px) 100vw, 500px\" \/><\/a><\/p>\n<p style=\"text-align: center;\"><span style=\"font-family: times new roman, times, serif; font-size: 14pt;\"><u><a href=\"https:\/\/www.unz.com\/article\/secure-tolerance-the-jewish-plan-to-permanently-silence-the-west\/\"><strong>\u201cThe promotion of secure tolerance will be permanent and irreversible.\u201d Moshe Kantor, Manifesto on Secure Tolerance, 2011.<\/strong><\/a><\/u><\/span><\/p>\n<p>&nbsp;<\/p>\n<p>&nbsp;<\/p>\n<p style=\"text-align: justify;\"><span style=\"font-family: times new roman, times, serif; font-size: 14pt;\">In 2010, Harvard duo Christopher Chabris and Daniel Simons published <em>The Invisible Gorilla<\/em>, which detailed their study of the human capacity to overlook even the most obvious things. In one of their experiments, Chabris and Simons created a video in which students wearing white and black t-shirts pass a basketball between themselves. Viewers were asked to count the number of times the players with the white shirts passed the ball, and many were later very satisfied to find that they were accurate in their counting. This satisfaction was tainted, however, when they were asked if they had spotted \u201cthe gorilla.\u201d Amidst considerable confusion, the video would then be replayed for the puzzled viewers, who were stunned to see a man in a gorilla suit walk among the students and balls, take up a position in the center of the screen, and wave at the camera. They\u2019d missed him entirely in their initial viewing. The study highlighted the capacity for humans to become fixated on set tasks, events, or other distractions, and miss even the most elaborate and remarkable of occurrences.<\/span><\/p>\n<p style=\"text-align: justify;\"><span style=\"font-family: times new roman, times, serif; font-size: 14pt;\">When it comes to Jewish activism, and especially Jewish activism in the area of censorship and mass migration, I fear that the same dynamics are at work. Panicked by this or that website or YouTube channel being defunded or banned, we miss the \u2018Invisible Gorilla\u2019 \u2014 a plan of action far more horrifying and deadly in its implications than any single act of censorship.<\/span><\/p>\n<p style=\"text-align: justify;\"><span style=\"font-family: times new roman, times, serif; font-size: 14pt;\">There are essentially two forms of censorship. The hard kind we are very familiar with. It consists in the banning or removal of websites, videos, books, podcasts, and social media accounts. It extends to defunding and deplatforming, and it reaches its apogee in the banning of activists from entering certain countries, in the arrest of activists on spurious grounds, and in the development of new laws with harsh criminal penalties for speech. These methods are dangerous and rampant, and I myself have fallen victim to several of them.<\/span><\/p>\n<p style=\"text-align: justify;\"><span style=\"font-family: times new roman, times, serif; font-size: 14pt;\">I think, however, that softer, more diffuse methods of censorship are even more insidious and perhaps even more catastrophic. We could consider, for example, the manipulation of culture so that even if certain speech is not illegal and carries no legal repercussions, it nevertheless leads to the loss of employment, the destruction of education opportunities, and the dissolving of one\u2019s relationships. This is a form of cultural self-censorship, involving the modification of in-group standards, that has <a href=\"https:\/\/www.theoccidentalobserver.net\/2020\/01\/14\/modify-the-standards-of-the-in-group-on-jews-and-mass-communications-part-one-of-two\/\">demonstrable Jewish origins<\/a>. \u201cSoft\u201d censorship can also take the form of socio-cultural prophylaxis. Take, for example, the recent initiative of the U.S. State Department to initiate a drive to engage in the <a href=\"https:\/\/www.jta.org\/quick-reads\/an-era-of-philo-semitism-the-us-will-push-countries-to-love-their-jews-more-anti-semitism-monitor-says\">global promotion of philo-Semitic<\/a> (pro-Jewish) attitudes. I really don\u2019t believe that this will play out in the manner the State Department hopes, and I watch with interest to see precisely what the methodologies of this policy will be. I sincerely doubt its prospects for success. But what other way can this be interpreted than as a preventative measure, obstructing the growth of organic attitudes that, let\u2019s face it, are more likely to skew to the anti-Jewish? Finally, isn\u2019t it in the nature of contemporary culture, with its emphasis on entertainment, consumption, and sex, to be the perfect environment in which to hide many \u201cInvisible Gorillas\u201d? Isn\u2019t it a whirlwind of fixations and distractions, replete with untold numbers of \u201cwoke\u201d viewers happy to report that they\u2019ve been enthusiastically counting passes and have the accurate number? Isn\u2019t it rather the axiom of our time that, from the idiotic Left to the idiotic Right, Invisible Gorillas stroll freely and unhindered, laughing and waving as they go, hidden in plain sight?<\/span><\/p>\n<p>&nbsp;<\/p>\n<p style=\"text-align: justify;\"><span style=\"font-family: times new roman, times, serif; font-size: 18pt;\"><strong>Moshe Kantor : Oligarch Activist<\/strong><\/span><\/p>\n<p style=\"text-align: justify;\"><span style=\"font-family: times new roman, times, serif; font-size: 14pt;\">If I could single out one point in time at which a process was set in motion that culminated in the heightened censorship that we see today, it wouldn\u2019t be the recent banning of the NPI\/Radix YouTube channel, or the removal of the <em>Daily Stormer <\/em>from the internet after Charlottesville. No answers will be found in the banning of Alex Jones, of Stefan Molyneaux, the European travel ban on Richard Spencer, the eviction of NPI from Hungary, or recent revelations about PayPal\u2019s selective banning process. These are all symptoms that possess no answers in themselves. I do believe, however, that we can locate the immediate intellectual and political beginnings of our present situation in 2011, in the publication of a document titled <em>Manifesto for Secure Tolerance<\/em>. The document was written by <a href=\"https:\/\/en.wikipedia.org\/wiki\/Viatcheslav_Moshe_Kantor\">Moshe Kantor<\/a>, a Russian billionaire, pernicious oligarch, and president of no less than the European Jewish Congress, the European Council on Tolerance and Reconciliation (ECTR, which we will return to), the World Holocaust Forum Foundation, the European Jewish Fund, and the Policy Council of the World Jewish Congress. In short, this Jewish billionaire is the quintessential strongly-identified leading Jewish activist, fully committed to the advancement of the interests of his ethnic group.<\/span><\/p>\n<p style=\"text-align: justify;\"><span style=\"font-family: times new roman, times, serif; font-size: 14pt;\">As leader of so many groups, and mover in so many high circles, Kantor fulfils the qualifications of the early modern stadtlans, Court Jews who boasted of significant wealth and intensive relationships with non-Jewish elites. And he exemplifies many of the same qualities, acting always in un-elected but highly-influential intercessory roles, seeking to improve the tactical and material advantages of his tribe. When not crossing the continent bleating about \u2018tolerance,\u2019 Kantor also advances Jewish interests in his capacity as the President of Moscow\u2019s <a href=\"https:\/\/en.wikipedia.org\/wiki\/Museum_of_Avant-Garde_Mastery\">Museum of Avant-Garde Mastery<\/a> \u2014 a dubious establishment dedicated to extolling the disgusting and poisonous art of co-ethnics like Marc Chagall, Chaim Soutine, and Mark Rothko (Rothko is the subject of a <a href=\"http:\/\/www.theoccidentalobserver.net\/2011\/09\/mark-rothko-abstract-expressionism-and-the-decline-of-western-art\/\">3-part series<\/a> of TOO articles by Brenton Sanderson).<\/span><\/p>\n<p style=\"text-align: justify;\"><span style=\"font-family: times new roman, times, serif; font-size: 14pt;\">Although masquerading as a world-renowned \u201cpeace activist,\u201d Kantor is in fact a devoted practitioner of international Zionism. A citizen of Russia, the United Kingdom, and Israel, this world parasite wages unconventional warfare by means of backstage diplomacy, policy development, and ceaseless lobbying for repressive legislation to be imposed on Europeans everywhere.<\/span><\/p>\n<p style=\"text-align: justify;\"><span style=\"font-family: times new roman, times, serif; font-size: 14pt;\">Let\u2019s start with his <a href=\"http:\/\/securetolerance.com\/what_is.htm\">Manifesto for Secure Tolerance<\/a>.<\/span><\/p>\n<p style=\"text-align: right;\"><span style=\"font-family: times new roman, times, serif; font-size: 14pt;\"><a href=\"https:\/\/www.unz.com\/article\/secure-tolerance-the-jewish-plan-to-permanently-silence-the-west\/\"><span style=\"font-family: arial black, sans-serif;\">Read more\u2026<\/span><\/a><\/span><\/p>\n<p style=\"text-align: left;\"><span style=\"font-family: times new roman, times, serif; font-size: 14pt;\">Source : <a href=\"https:\/\/www.unz.com\/article\/secure-tolerance-the-jewish-plan-to-permanently-silence-the-west\/\">https:\/\/www.unz.com\/article\/secure-tolerance-the-jewish-plan-to-permanently-silence-the-west\/<\/a><\/span><\/p>\n<p>&nbsp;<\/p>\n<p style=\"text-align: left;\"><span style=\"font-family: comic sans ms, sans-serif; font-size: 12pt; color: #c00000;\"><strong>P.S.\u00a0: Nous ne partageons pas le sentiment de l\u2019auteur sur Chagall et Soutine, mais ce n\u2019est pas la question.<\/strong><\/span><\/p>\n<p>&nbsp;<\/p>\n<p>&nbsp;<\/p>\n<p style=\"text-align: center;\"><a href=\"http:\/\/blog.lesgrossesorchadeslesamplesthalameges.fr\/wp-content\/uploads\/2020\/07\/COVID-masqu\u00e9-GF.gif\"><img loading=\"lazy\" class=\"alignnone wp-image-11652\" src=\"http:\/\/blog.lesgrossesorchadeslesamplesthalameges.fr\/wp-content\/uploads\/2020\/07\/COVID-masqu\u00e9-GF.gif\" alt=\"\" width=\"75\" height=\"75\" \/><\/a><\/p>\n<p>&nbsp;<\/p>\n<p>&nbsp;<\/p>\n<p style=\"text-align: justify;\"><span style=\"font-family: times new roman, times, serif; font-size: 18pt; color: #c00000;\"><strong><em>Tout ceci n\u2019est cependant pas sorti du bleu\u2026<\/em><\/strong><\/span><\/p>\n<p>&nbsp;<\/p>\n<p style=\"text-align: justify;\"><span style=\"font-family: times new roman, times, serif; font-size: 14pt;\"><strong>\u00a0<\/strong><\/span><\/p>\n<p style=\"text-align: center;\"><span style=\"font-family: times new roman, times, serif; font-size: 36pt;\"><strong>Le dernier sioniste<\/strong><\/span><\/p>\n<p style=\"text-align: center;\"><span style=\"font-family: times new roman, times, serif; font-size: 14pt;\"><strong>\u00a0<\/strong><\/span><\/p>\n<p style=\"text-align: center;\"><span style=\"font-family: times new roman, times, serif; font-size: 14pt;\"><a href=\"https:\/\/arretsurinfo.ch\/authors\/gilad-atzmon\/\"><strong><span style=\"font-size: 18pt;\">Gilad Atzmon<\/span><\/strong><\/a><span style=\"font-size: 18pt;\"><strong> \u2013 <em>The Unz Review<\/em> \u2013 25.7.2020 <\/strong><\/span><\/span><\/p>\n<p style=\"text-align: center;\"><span style=\"font-family: times new roman, times, serif; font-size: 18pt;\">Traduction :<strong> Maria Poumier <\/strong>pour <strong><em>Arr\u00eat sur Info<\/em><\/strong><\/span><\/p>\n<p style=\"text-align: justify;\"><span style=\"font-family: times new roman, times, serif; font-size: 14pt;\"><strong>\u00a0<\/strong><\/span><\/p>\n<p>&nbsp;<\/p>\n<p style=\"text-align: center;\"><a href=\"http:\/\/blog.lesgrossesorchadeslesamplesthalameges.fr\/wp-content\/uploads\/2020\/07\/IMAGE-GILAD.jpg\"><img loading=\"lazy\" class=\"alignnone wp-image-11703 size-full\" src=\"http:\/\/blog.lesgrossesorchadeslesamplesthalameges.fr\/wp-content\/uploads\/2020\/07\/IMAGE-GILAD.jpg\" alt=\"\" width=\"600\" height=\"394\" srcset=\"https:\/\/blog.lesgrossesorchadeslesamplesthalameges.fr\/wp-content\/uploads\/2020\/07\/IMAGE-GILAD.jpg 600w, https:\/\/blog.lesgrossesorchadeslesamplesthalameges.fr\/wp-content\/uploads\/2020\/07\/IMAGE-GILAD-300x197.jpg 300w\" sizes=\"(max-width: 600px) 100vw, 600px\" \/><\/a><\/p>\n<p>&nbsp;<\/p>\n<p>&nbsp;<\/p>\n<p style=\"text-align: justify;\"><span style=\"font-family: tahoma, arial, helvetica, sans-serif; font-size: 14pt;\"><strong>Dans son livre \u00ab\u00a0<a href=\"https:\/\/www.amazon.com\/Memoirs-David-Ben-Gurion\/dp\/B0006C5F3O\"><em>Memories<\/em>\u00a0\u00bb<\/a>\u00a0le premier Premier ministre isra\u00e9lien et premier sioniste pragmatique, David Ben Gurion parle de ses premi\u00e8res ann\u00e9es \u00e0 P\u0142o\u0144sk, en Pologne.<\/strong><\/span><\/p>\n<p>&nbsp;<\/p>\n<p style=\"text-align: justify;\"><span style=\"font-family: times new roman, times, serif; font-size: 14pt;\">\u00ab\u00a0<em>Pour beaucoup d\u2019entre nous, le v\u00e9cu de l\u2019antis\u00e9mitisme n\u2019avait pas grand chose \u00e0 voir avec notre d\u00e9vouement (sioniste). Personnellement, je n\u2019ai jamais souffert de pers\u00e9cution antis\u00e9mite. P\u0142o\u0144sk en \u00e9tait remarquablement exempt\u2026 Il y avait trois communaut\u00e9s principales : Les Russes, les Juifs et les Polonais. \u2026 Le nombre de Juifs et de Polonais dans la ville \u00e9tait \u00e0 peu pr\u00e8s \u00e9gal, environ cinq mille chacun. Les Juifs, cependant, formaient un groupe compact et centralis\u00e9 occupant les quartiers les plus centraux tandis que les Polonais \u00e9taient plus dispers\u00e9s, vivant dans des zones p\u00e9riph\u00e9riques et se fondant dans la paysannerie. Par cons\u00e9quent, lorsqu\u2019un gang de gar\u00e7ons juifs rencontrait un gang polonais, ce dernier repr\u00e9sentait presque in\u00e9vitablement une seule banlieue et \u00e9tait donc moins apte \u00e0 combattre que les Juifs qui, m\u00eame s\u2019ils \u00e9taient initialement moins nombreux, pouvaient rapidement faire appel \u00e0 des renforts de tout le quartier. Nous \u00e9tions loin d\u2019avoir peur d\u2019eux (les goyim), c\u2019\u00e9taient plut\u00f4t eux qui avaient plut\u00f4t peur de nous (les Juifs). Mais en g\u00e9n\u00e9ral, les relations \u00e9taient amicales, bien que lointaines\u00a0\u00bb<\/em>. (<em>Memoires<\/em>, par David Ben-Gourion (1970), p. 36)<\/span><\/p>\n<p style=\"text-align: justify;\"><span style=\"font-family: times new roman, times, serif; font-size: 14pt;\">Ben Gurion est tr\u00e8s explicite lorsqu\u2019il d\u00e9crit l\u2019\u00e9quilibre des pouvoirs entre les Juifs et les Polonais dans sa ville au d\u00e9but du XXe si\u00e8cle. \u00ab\u00a0<em>Loin d\u2019avoir peur d\u2019eux, c\u2019\u00e9taient plut\u00f4t eux qui avaient peur de nous<\/em> (les Juifs)\u00a0\u00bb.<\/span><\/p>\n<p style=\"text-align: justify;\"><span style=\"font-family: times new roman, times, serif; font-size: 14pt;\">Les Juifs (d\u2019ascendance juive) \u00e9taient en effet tr\u00e8s puissants en Pologne dans les premi\u00e8res ann\u00e9es du 20e si\u00e8cle. Le parti socialiste juif, le Bund, \u00e9tait une force politique de premier plan lors de la r\u00e9volution de 1905, en particulier dans les r\u00e9gions polonaises de l\u2019empire russe. Au d\u00e9but de cette r\u00e9volution, l\u2019aile militaire du Bund \u00e9tait la plus puissante force r\u00e9volutionnaire de la Russie occidentale.<\/span><\/p>\n<p style=\"text-align: justify;\"><span style=\"font-family: times new roman, times, serif; font-size: 14pt;\">Le \u00ab\u00a0V\u0153u\u00a0\u00bb, <a href=\"https:\/\/sa.org.au\/marxism_page\/int\/shvue\/shvue.htm\">l\u2019hymne du Bund<\/a>, ne laissait pas beaucoup de place \u00e0 l\u2019imagination, il d\u00e9clarait la guerre et condamnait pratiquement \u00e0 mort ceux qui ne correspondaient pas \u00e0 leur programme politique<strong> :<\/strong><\/span><\/p>\n<p style=\"text-align: right;\"><span style=\"font-family: times new roman, times, serif; font-size: 14pt;\"><a href=\"https:\/\/arretsurinfo.ch\/le-dernier-sioniste-par-gilad-atzmon\/?utm_source=rss&amp;utm_medium=rss&amp;utm_campaign=le-dernier-sioniste-par-gilad-atzmon\"><strong><span style=\"font-family: arial black, sans-serif;\">Lire la suite\u2026<\/span><\/strong><\/a><\/span><\/p>\n<p>&nbsp;<\/p>\n<p style=\"text-align: left;\"><span style=\"font-family: times new roman, times, serif; font-size: 14pt;\">Source\u00a0: <a href=\"https:\/\/arretsurinfo.ch\/le-dernier-sioniste-par-gilad-atzmon\/?utm_source=rss&amp;utm_medium=rss&amp;utm_campaign=le-dernier-sioniste-par-gilad-atzmon\">https:\/\/arretsurinfo.ch\/le-dernier-sioniste-par-gilad-atzmon\/?utm_source=rss&amp;utm_medium=rss&amp;utm_campaign=le-dernier-sioniste-par-gilad-atzmon<\/a><\/span><\/p>\n<p>&nbsp;<\/p>\n<p>&nbsp;<\/p>\n<p style=\"text-align: center;\"><a href=\"http:\/\/blog.lesgrossesorchadeslesamplesthalameges.fr\/wp-content\/uploads\/2020\/07\/COVID-masqu\u00e9-GF.gif\"><img loading=\"lazy\" class=\"alignnone wp-image-11652\" src=\"http:\/\/blog.lesgrossesorchadeslesamplesthalameges.fr\/wp-content\/uploads\/2020\/07\/COVID-masqu\u00e9-GF.gif\" alt=\"\" width=\"75\" height=\"75\" \/><\/a><\/p>\n<p>&nbsp;<\/p>\n<p>&nbsp;<\/p>\n<p style=\"text-align: center;\"><span style=\"font-family: times new roman, times, serif; font-size: 36pt;\"><strong>Au bal de la quenelle, on a rencontr\u00e9 du beau monde\u2026<\/strong><\/span><\/p>\n<p>&nbsp;<\/p>\n<p style=\"text-align: center;\"><a href=\"http:\/\/blog.lesgrossesorchadeslesamplesthalameges.fr\/wp-content\/uploads\/2020\/07\/GUILLEMIN-GIF.gif\"><img loading=\"lazy\" class=\"alignnone wp-image-11704 size-full\" src=\"http:\/\/blog.lesgrossesorchadeslesamplesthalameges.fr\/wp-content\/uploads\/2020\/07\/GUILLEMIN-GIF.gif\" alt=\"\" width=\"600\" height=\"500\" \/><\/a><\/p>\n<p>&nbsp;<\/p>\n<p>&nbsp;<\/p>\n<p style=\"text-align: center;\"><a href=\"http:\/\/blog.lesgrossesorchadeslesamplesthalameges.fr\/wp-content\/uploads\/2020\/07\/Coro-green-GIF.gif\"><img loading=\"lazy\" class=\"alignnone wp-image-11654\" src=\"http:\/\/blog.lesgrossesorchadeslesamplesthalameges.fr\/wp-content\/uploads\/2020\/07\/Coro-green-GIF.gif\" alt=\"\" width=\"125\" height=\"125\" \/><\/a><\/p>\n<p>&nbsp;<\/p>\n<p>&nbsp;<\/p>\n<p style=\"text-align: center;\"><a href=\"http:\/\/blog.lesgrossesorchadeslesamplesthalameges.fr\/wp-content\/uploads\/2020\/07\/Revolution_de_la_Quenelle_Leonard_de_Vinci-2-f77c0-7b261.jpg\"><img loading=\"lazy\" class=\"alignnone wp-image-11705 size-full\" src=\"http:\/\/blog.lesgrossesorchadeslesamplesthalameges.fr\/wp-content\/uploads\/2020\/07\/Revolution_de_la_Quenelle_Leonard_de_Vinci-2-f77c0-7b261.jpg\" alt=\"\" width=\"600\" height=\"843\" srcset=\"https:\/\/blog.lesgrossesorchadeslesamplesthalameges.fr\/wp-content\/uploads\/2020\/07\/Revolution_de_la_Quenelle_Leonard_de_Vinci-2-f77c0-7b261.jpg 600w, https:\/\/blog.lesgrossesorchadeslesamplesthalameges.fr\/wp-content\/uploads\/2020\/07\/Revolution_de_la_Quenelle_Leonard_de_Vinci-2-f77c0-7b261-214x300.jpg 214w\" sizes=\"(max-width: 600px) 100vw, 600px\" \/><\/a><\/p>\n<p>&nbsp;<\/p>\n<p>&nbsp;<\/p>\n<p style=\"text-align: center;\"><a href=\"http:\/\/blog.lesgrossesorchadeslesamplesthalameges.fr\/wp-content\/uploads\/2020\/07\/Coro-green-GIF.gif\"><img loading=\"lazy\" class=\"alignnone wp-image-11654\" src=\"http:\/\/blog.lesgrossesorchadeslesamplesthalameges.fr\/wp-content\/uploads\/2020\/07\/Coro-green-GIF.gif\" alt=\"\" width=\"125\" height=\"125\" \/><\/a><\/p>\n<p>&nbsp;<\/p>\n<p>&nbsp;<\/p>\n<p style=\"text-align: center;\"><a href=\"http:\/\/blog.lesgrossesorchadeslesamplesthalameges.fr\/wp-content\/uploads\/2020\/07\/Revolution_de_la_quenelle_Maitre_Verges-2-80e10-e8fbe.jpg\"><img loading=\"lazy\" class=\"alignnone wp-image-11706 size-full\" src=\"http:\/\/blog.lesgrossesorchadeslesamplesthalameges.fr\/wp-content\/uploads\/2020\/07\/Revolution_de_la_quenelle_Maitre_Verges-2-80e10-e8fbe.jpg\" alt=\"\" width=\"600\" height=\"846\" srcset=\"https:\/\/blog.lesgrossesorchadeslesamplesthalameges.fr\/wp-content\/uploads\/2020\/07\/Revolution_de_la_quenelle_Maitre_Verges-2-80e10-e8fbe.jpg 600w, https:\/\/blog.lesgrossesorchadeslesamplesthalameges.fr\/wp-content\/uploads\/2020\/07\/Revolution_de_la_quenelle_Maitre_Verges-2-80e10-e8fbe-213x300.jpg 213w\" sizes=\"(max-width: 600px) 100vw, 600px\" \/><\/a><\/p>\n<p>&nbsp;<\/p>\n<p>&nbsp;<\/p>\n<p style=\"text-align: center;\"><a href=\"http:\/\/blog.lesgrossesorchadeslesamplesthalameges.fr\/wp-content\/uploads\/2020\/07\/Coro-green-GIF.gif\"><img loading=\"lazy\" class=\"alignnone wp-image-11654\" src=\"http:\/\/blog.lesgrossesorchadeslesamplesthalameges.fr\/wp-content\/uploads\/2020\/07\/Coro-green-GIF.gif\" alt=\"\" width=\"125\" height=\"125\" \/><\/a><\/p>\n<p>&nbsp;<\/p>\n<p style=\"text-align: center;\"><span style=\"font-family: times new roman, times, serif; font-size: 24pt;\"><strong>Pour voir les autres, c\u2019est <a href=\"https:\/\/www.egaliteetreconciliation.fr\/Les-dessins-de-la-semaine-60193.html\">ici<\/a> .<\/strong><\/span><\/p>\n<p>&nbsp;<\/p>\n<p>&nbsp;<\/p>\n<p style=\"text-align: right;\"><span style=\"font-family: comic sans ms, sans-serif; font-size: 14pt;\">Mis en ligne le 25 juillet 2020<\/span><\/p>\n<p>&nbsp;<\/p>\n<p>&nbsp;<\/p>\n<p><strong>\u00a0<\/strong><\/p>\n","protected":false},"excerpt":{"rendered":"<p>&nbsp; &nbsp; &nbsp; &nbsp; &nbsp; &nbsp; \u2026et p\u00e9rils jaunes \u00a0 &nbsp; FLU WORLD ORDER &nbsp; (Ordre Mondial de la Grippe) &nbsp; &nbsp; &nbsp; &nbsp; La f\u00eate nationale belge (21 juillet) ne l\u2019a pas mis en p\u00e9ril. Ouf\u00a0! &nbsp; &nbsp; &nbsp; Il y avait m\u00eame l\u2019Africain obligatoire de service, comme au mariage de Megan et Harry&#8230;.<\/p>\n","protected":false},"author":1,"featured_media":0,"comment_status":"open","ping_status":"open","sticky":false,"template":"","format":"standard","meta":[],"categories":[1],"tags":[],"_links":{"self":[{"href":"https:\/\/blog.lesgrossesorchadeslesamplesthalameges.fr\/index.php\/wp-json\/wp\/v2\/posts\/11649"}],"collection":[{"href":"https:\/\/blog.lesgrossesorchadeslesamplesthalameges.fr\/index.php\/wp-json\/wp\/v2\/posts"}],"about":[{"href":"https:\/\/blog.lesgrossesorchadeslesamplesthalameges.fr\/index.php\/wp-json\/wp\/v2\/types\/post"}],"author":[{"embeddable":true,"href":"https:\/\/blog.lesgrossesorchadeslesamplesthalameges.fr\/index.php\/wp-json\/wp\/v2\/users\/1"}],"replies":[{"embeddable":true,"href":"https:\/\/blog.lesgrossesorchadeslesamplesthalameges.fr\/index.php\/wp-json\/wp\/v2\/comments?post=11649"}],"version-history":[{"count":0,"href":"https:\/\/blog.lesgrossesorchadeslesamplesthalameges.fr\/index.php\/wp-json\/wp\/v2\/posts\/11649\/revisions"}],"wp:attachment":[{"href":"https:\/\/blog.lesgrossesorchadeslesamplesthalameges.fr\/index.php\/wp-json\/wp\/v2\/media?parent=11649"}],"wp:term":[{"taxonomy":"category","embeddable":true,"href":"https:\/\/blog.lesgrossesorchadeslesamplesthalameges.fr\/index.php\/wp-json\/wp\/v2\/categories?post=11649"},{"taxonomy":"post_tag","embeddable":true,"href":"https:\/\/blog.lesgrossesorchadeslesamplesthalameges.fr\/index.php\/wp-json\/wp\/v2\/tags?post=11649"}],"curies":[{"name":"wp","href":"https:\/\/api.w.org\/{rel}","templated":true}]}}