{"id":12549,"date":"2020-11-20T22:17:37","date_gmt":"2020-11-20T21:17:37","guid":{"rendered":"http:\/\/blog.lesgrossesorchadeslesamplesthalameges.fr\/?p=12549"},"modified":"2020-11-20T22:46:01","modified_gmt":"2020-11-20T21:46:01","slug":"quand-leurope-croule-sous-les-bonnes-nouvelles","status":"publish","type":"post","link":"https:\/\/blog.lesgrossesorchadeslesamplesthalameges.fr\/index.php\/2020\/11\/20\/quand-leurope-croule-sous-les-bonnes-nouvelles\/","title":{"rendered":"Quand l&rsquo;Europe croule sous les \u00ab\u00a0bonnes\u00a0\u00bb nouvelles"},"content":{"rendered":"<p>&nbsp;<\/p>\n<p>&nbsp;<\/p>\n<p>&nbsp;<\/p>\n<p>&nbsp;<\/p>\n<p style=\"text-align: center;\"><a href=\"http:\/\/blog.lesgrossesorchadeslesamplesthalameges.fr\/wp-content\/uploads\/2020\/11\/Europe-sinks.jpg\"><img loading=\"lazy\" class=\"alignnone wp-image-12550 size-full\" src=\"http:\/\/blog.lesgrossesorchadeslesamplesthalameges.fr\/wp-content\/uploads\/2020\/11\/Europe-sinks.jpg\" alt=\"\" width=\"750\" height=\"432\" srcset=\"https:\/\/blog.lesgrossesorchadeslesamplesthalameges.fr\/wp-content\/uploads\/2020\/11\/Europe-sinks.jpg 750w, https:\/\/blog.lesgrossesorchadeslesamplesthalameges.fr\/wp-content\/uploads\/2020\/11\/Europe-sinks-300x173.jpg 300w\" sizes=\"(max-width: 750px) 100vw, 750px\" \/><\/a><\/p>\n<p>&nbsp;<\/p>\n<p>&nbsp;<\/p>\n<p style=\"text-align: center;\"><span style=\"font-family: times new roman, times, serif; font-size: 54pt; color: #c00000;\">Quand l\u2019Europe croule sous les \u00ab\u00a0bonnes\u00a0\u00bb nouvelles<\/span><\/p>\n<p>&nbsp;<\/p>\n<p>&nbsp;<\/p>\n<p style=\"text-align: center;\"><a href=\"http:\/\/blog.lesgrossesorchadeslesamplesthalameges.fr\/wp-content\/uploads\/2020\/11\/Ship-sinking-GIF.gif\"><img loading=\"lazy\" class=\"alignnone wp-image-12551 size-full\" src=\"http:\/\/blog.lesgrossesorchadeslesamplesthalameges.fr\/wp-content\/uploads\/2020\/11\/Ship-sinking-GIF.gif\" alt=\"\" width=\"125\" height=\"146\" \/><\/a><\/p>\n<p>&nbsp;<\/p>\n<p>&nbsp;<\/p>\n<p style=\"text-align: center;\"><span style=\"font-family: times new roman, times, serif; font-size: 36pt;\"><strong>Biden, la propagande et la censure\u00a0: contr\u00f4le renforc\u00e9 de l\u2019opinion publique en vue<\/strong><\/span><\/p>\n<p style=\"text-align: center;\"><span style=\"font-family: times new roman, times, serif; font-size: 14pt;\"><strong>\u00a0<\/strong><\/span><\/p>\n<p style=\"text-align: center;\"><span style=\"font-family: times new roman, times, serif; font-size: 18pt;\"><strong>Ben Norton \u2013 <em>Entelekheia<\/em> \u2013 20.11.2020<\/strong><\/span><\/p>\n<p>&nbsp;<\/p>\n<p style=\"text-align: center;\"><span style=\"font-family: times new roman, times, serif; font-size: 18pt;\">Paru sur <a href=\"https:\/\/consortiumnews.com\/2020\/11\/18\/election-2020-biden-appointee-advocated-using-propaganda-against-americans\/\">Consortium News<\/a> sous le titre <em>ELECTION 2020: Biden Appointee Advocated Using Propaganda Against Americans<\/em> et <a href=\"https:\/\/thegrayzone.com\/2020\/11\/11\/richard-stengel-propaganda-usagm-biden\/\">The Grayzone Project<\/a> sous le titre <em>Biden state media appointee advocated using propaganda against Americans and \u2018rethinking\u2019 First Amendment<\/em><\/span><\/p>\n<p style=\"text-align: justify;\"><span style=\"font-family: times new roman, times, serif; font-size: 14pt;\"><strong>\u00a0<\/strong><\/span><\/p>\n<p style=\"text-align: justify;\"><span style=\"font-family: tahoma, arial, helvetica, sans-serif; font-size: 14pt;\"><strong>Avec le retour de l\u2019\u00e9quipe Obama aux affaires apr\u00e8s la victoire de son nouvel avatar public, Joe Biden, la propagande et la censure, armes de pr\u00e9dilection du Parti d\u00e9mocrate am\u00e9ricain, promettent de faire une progression fulgurante dans toute la zone domin\u00e9e par les USA, dont bien s\u00fbr l\u2019Europe de l\u2019Ouest. \u00c0 une diff\u00e9rence pr\u00e8s : cette fois, le mot \u00ab\u00a0propagande\u00a0\u00bb est assum\u00e9, et m\u00eame revendiqu\u00e9 par le nouveau responsable de l\u2019information de l\u2019\u00e9quipe de transition Biden. L\u2019Am\u00e9rique post-Trump ne se cache plus.<\/strong><\/span><\/p>\n<p style=\"text-align: justify;\"><span style=\"font-family: tahoma, arial, helvetica, sans-serif; font-size: 14pt;\"><strong>Nous aurons donc, c\u2019est pr\u00e9vu, encore plus de purges de comptes Facebook et Twitter, de \u00ab\u00a0<em>deplatforming\u00a0<\/em>\u00bb par Google, de mainmise sur les m\u00e9dias grand public, de \u00ab\u00a0<em>fact-checking<\/em>\u00a0\u00bb ex cathedra et d\u2019affligeantes crises de parano\u00efa m\u00e9diatique de type Russiagate ou <em>\u00ab\u00a0Venezuelaaaaa !\u00a0\u00bb<\/em><\/strong><\/span><\/p>\n<p style=\"text-align: justify;\"><span style=\"font-family: tahoma, arial, helvetica, sans-serif; font-size: 14pt;\"><strong>Revue de d\u00e9tail.<\/strong><\/span><\/p>\n<p>&nbsp;<\/p>\n<p style=\"text-align: center;\"><a href=\"http:\/\/blog.lesgrossesorchadeslesamplesthalameges.fr\/wp-content\/uploads\/2020\/11\/CISEAUX-xx-GRANDS-GIF.gif\"><img loading=\"lazy\" class=\"alignnone wp-image-12570 size-full\" src=\"http:\/\/blog.lesgrossesorchadeslesamplesthalameges.fr\/wp-content\/uploads\/2020\/11\/CISEAUX-xx-GRANDS-GIF.gif\" alt=\"\" width=\"750\" height=\"386\" \/><\/a><\/p>\n<p>&nbsp;<\/p>\n<p style=\"text-align: justify;\"><span style=\"font-family: times new roman, times, serif; font-size: 14pt;\"><span style=\"font-size: 48pt; color: #c00000;\">R<\/span>ichard Stengel, le principal repr\u00e9sentant des m\u00e9dias d\u2019\u00c9tat dans l\u2019\u00e9quipe de transition du pr\u00e9sident am\u00e9ricain \u00e9lu Joe Biden, a d\u00e9fendu avec enthousiasme le recours \u00e0 la propagande contre les Am\u00e9ricains.<\/span><\/p>\n<p style=\"text-align: justify;\"><span style=\"font-family: times new roman, times, serif; font-size: 14pt;\">\u00ab\u00a0Mon ancien poste au D\u00e9partement d\u2019\u00c9tat consistait en ce que les gens appelaient pour rire \u2018propagandiste en chef&rsquo;\u00a0\u00bb, d\u00e9clarait Stengel en 2018. \u00ab\u00a0Je ne suis pas contre la propagande. Chaque pays en fait, et ils doivent en faire aupr\u00e8s de leur propre population. Et je ne pense pas n\u00e9cessairement que ce soit si mauvais\u00a0\u00bb.<\/span><\/p>\n<p>&nbsp;<\/p>\n<p style=\"text-align: justify; padding-left: 90px;\"><span style=\"font-family: times new roman, times, serif; font-size: 14pt;\">More of the revolving door between mainstream corporate media outlets and the US government:<\/span><\/p>\n<p style=\"text-align: justify; padding-left: 90px;\"><span style=\"font-family: times new roman, times, serif; font-size: 14pt;\">Three paid analysts on MSNBC have left to join Joe Biden&rsquo;s administration.<\/span><\/p>\n<p style=\"text-align: justify; padding-left: 90px;\"><span style=\"font-family: times new roman, times, serif; font-size: 14pt;\">A fourth paid MSNBC contributor helped write Biden&rsquo;s victory speech.<a href=\"https:\/\/t.co\/TGhmzVWml7\">https:\/\/t.co\/TGhmzVWml7<\/a><\/span><\/p>\n<p style=\"text-align: justify; padding-left: 90px;\"><span style=\"font-family: times new roman, times, serif; font-size: 14pt;\"><strong>\u2014 Ben Norton<\/strong> (@BenjaminNorton) <a href=\"https:\/\/twitter.com\/BenjaminNorton\/status\/1326572200539938817?ref_src=twsrc%5Etfw\">November 11, 2020<\/a><\/span><\/p>\n<p style=\"text-align: justify; padding-left: 90px;\"><span style=\"font-family: times new roman, times, serif; font-size: 14pt;\"><em>(Tweet : \u00ab\u00a0Encore plus de portes tournantes entre les m\u00e9dias grand public et le gouvernement am\u00e9ricain: Trois analystes salari\u00e9s de MSNBC sont partis rejoindre l\u2019administration de Joe Biden.<\/em><\/span><\/p>\n<p style=\"text-align: justify; padding-left: 90px;\"><span style=\"font-family: times new roman, times, serif; font-size: 14pt;\"><em>Un quatri\u00e8me collaborateur r\u00e9mun\u00e9r\u00e9 de MSNBC a particip\u00e9 \u00e0 la r\u00e9daction du discours de victoire de Biden.\u00a0\u00bb)<\/em><\/span><\/p>\n<p style=\"text-align: justify; padding-left: 90px;\"><span style=\"font-family: times new roman, times, serif; font-size: 14pt;\"><em>\u00a0<\/em><\/span><\/p>\n<p style=\"text-align: justify; padding-left: 90px;\"><span style=\"font-family: times new roman, times, serif; font-size: 14pt;\">One is Richard Stengel, self described former \u201cChief Propagandist\u201d and supporter of domestic US propaganda <a href=\"https:\/\/t.co\/pNv1opsKBK\">pic.twitter.com\/pNv1opsKBK<\/a> <a href=\"https:\/\/t.co\/LyZCxZaADi\">https:\/\/t.co\/LyZCxZaADi<\/a><\/span><\/p>\n<p style=\"text-align: justify; padding-left: 90px;\"><span style=\"font-family: times new roman, times, serif; font-size: 14pt;\"><strong>\u2014 Max Blumenthal<\/strong> (@MaxBlumenthal) <a href=\"https:\/\/twitter.com\/MaxBlumenthal\/status\/1326575255444402176?ref_src=twsrc%5Etfw\">November 11, 2020<\/a><\/span><\/p>\n<p style=\"text-align: justify; padding-left: 90px;\"><span style=\"font-family: times new roman, times, serif; font-size: 14pt;\"><em>(Tweet : L\u2019un est Richard Stengel, qui se d\u00e9crit comme ancien \u00ab\u00a0chef propagandiste\u00a0\u00bb et se d\u00e9clare pour la propagande aupr\u00e8s de la population am\u00e9ricaine.)<\/em><\/span><\/p>\n<p style=\"text-align: right;\"><span style=\"font-family: times new roman, times, serif; font-size: 14pt;\"><a href=\"http:\/\/www.entelekheia.fr\/2020\/11\/20\/biden-la-propagande-et-la-censure-controle-renforce-de-lopinion-publique-en-vue\/\"><strong>Lire la suite\u2026<\/strong><\/a><\/span><\/p>\n<p style=\"text-align: left;\"><span style=\"font-family: times new roman, times, serif; font-size: 14pt;\">Source\u00a0: <a href=\"http:\/\/www.entelekheia.fr\/2020\/11\/20\/biden-la-propagande-et-la-censure-controle-renforce-de-lopinion-publique-en-vue\/\">http:\/\/www.entelekheia.fr\/2020\/11\/20\/biden-la-propagande-et-la-censure-controle-renforce-de-lopinion-publique-en-vue\/<\/a><\/span><\/p>\n<p>&nbsp;<\/p>\n<p>&nbsp;<\/p>\n<p style=\"text-align: center;\"><a href=\"http:\/\/blog.lesgrossesorchadeslesamplesthalameges.fr\/wp-content\/uploads\/2020\/11\/CISEAUX-GIF.gif\"><img loading=\"lazy\" class=\"alignnone wp-image-12552\" src=\"http:\/\/blog.lesgrossesorchadeslesamplesthalameges.fr\/wp-content\/uploads\/2020\/11\/CISEAUX-GIF-300x142.gif\" alt=\"\" width=\"125\" height=\"59\" \/><\/a><\/p>\n<p>&nbsp;<\/p>\n<p>&nbsp;<\/p>\n<p style=\"text-align: left;\"><span style=\"font-family: times new roman, times, serif; font-size: 24pt; color: #c00000;\"><strong><em>Et en effet \u00e7a ne tra\u00eene pas\u2026<\/em><\/strong><\/span><\/p>\n<p style=\"text-align: justify;\"><span style=\"font-family: times new roman, times, serif; font-size: 24pt; color: #c00000;\"><strong><em>(On pourrait m\u00eame dire que \u00e7a pr\u00e9c\u00e8de.)<\/em><\/strong><\/span><\/p>\n<p style=\"text-align: justify;\"><span style=\"font-family: times new roman, times, serif; font-size: 14pt;\"><strong><em>\u00a0<\/em><\/strong><\/span><\/p>\n<p>&nbsp;<\/p>\n<p style=\"text-align: center;\"><span style=\"font-family: times new roman, times, serif; font-size: 14pt;\"><strong><em>\u00a0<a href=\"http:\/\/blog.lesgrossesorchadeslesamplesthalameges.fr\/wp-content\/uploads\/2020\/11\/Barakafrites.jpg\"><img loading=\"lazy\" class=\"alignnone wp-image-12554 size-full\" src=\"http:\/\/blog.lesgrossesorchadeslesamplesthalameges.fr\/wp-content\/uploads\/2020\/11\/Barakafrites.jpg\" alt=\"\" width=\"340\" height=\"249\" srcset=\"https:\/\/blog.lesgrossesorchadeslesamplesthalameges.fr\/wp-content\/uploads\/2020\/11\/Barakafrites.jpg 340w, https:\/\/blog.lesgrossesorchadeslesamplesthalameges.fr\/wp-content\/uploads\/2020\/11\/Barakafrites-300x220.jpg 300w\" sizes=\"(max-width: 340px) 100vw, 340px\" \/><\/a><\/em><\/strong><\/span><\/p>\n<p>&nbsp;<\/p>\n<p>&nbsp;<\/p>\n<h2 style=\"text-align: center;\"><span style=\"font-family: times new roman, times, serif; font-size: 14pt;\"><a href=\"https:\/\/email.lesoir.be\/optiext\/optiextension.dll?ID=_CD_DtbmZrJ6PrzMV8Sez09rNBnbh_ddHI%2BXssfKRyPGff_o3j9MWdCrpKU1nb5HufmRGnAFSBnpOewtqwO5Gp5Nl%2Bqo2\"><span style=\"font-size: 36pt;\">Entretien avec Barack Obama : \u00abTrump a caus\u00e9 beaucoup de torts aux \u00c9tats-Unis et dans le monde\u00bb<\/span><\/a><\/span><\/h2>\n<table>\n<tbody>\n<tr>\n<td><\/td>\n<\/tr>\n<\/tbody>\n<\/table>\n<p>&nbsp;<\/p>\n<p style=\"text-align: center;\"><span style=\"font-family: times new roman, times, serif; font-size: 14pt;\"><strong><em>\u00a0<a href=\"http:\/\/blog.lesgrossesorchadeslesamplesthalameges.fr\/wp-content\/uploads\/2020\/11\/Obama-2.jpg\"><img loading=\"lazy\" class=\"alignnone wp-image-12555 size-full\" src=\"http:\/\/blog.lesgrossesorchadeslesamplesthalameges.fr\/wp-content\/uploads\/2020\/11\/Obama-2.jpg\" alt=\"\" width=\"600\" height=\"330\" srcset=\"https:\/\/blog.lesgrossesorchadeslesamplesthalameges.fr\/wp-content\/uploads\/2020\/11\/Obama-2.jpg 600w, https:\/\/blog.lesgrossesorchadeslesamplesthalameges.fr\/wp-content\/uploads\/2020\/11\/Obama-2-300x165.jpg 300w\" sizes=\"(max-width: 600px) 100vw, 600px\" \/><\/a><\/em><\/strong><\/span><\/p>\n<p>&nbsp;<\/p>\n<p style=\"text-align: justify;\"><span style=\"font-family: times new roman, times, serif; font-size: 14pt;\"><strong><em>\u00a0<\/em><\/strong><\/span><\/p>\n<p style=\"text-align: justify;\"><span style=\"font-family: times new roman, times, serif; font-size: 14pt;\">Dans un entretien accord\u00e9 aux journaux du groupe L\u00e9NA, dont fait partie \u00abLe Soir\u00bb, l\u2019ancien pr\u00e9sident am\u00e9ricain livre ses r\u00e9flexions sur la p\u00e9riode actuelle et la pand\u00e9mie, les quatre ann\u00e9es de Trump au pouvoir, la polarisation de son pays ou encore l\u2019avenir avec Joe Biden \u00e0 la t\u00eate des \u00c9tats-Unis. Sa conclusion est optimiste, m\u00eame s\u2019il s\u2019agit d\u2019un optimisme prudent<\/span><\/p>\n<p style=\"text-align: justify;\"><span style=\"font-family: times new roman, times, serif; font-size: 14pt;\"><em>Le Soir<\/em> \u2013 Abonn\u00e9s<\/span><\/p>\n<p>&nbsp;<\/p>\n<p>&nbsp;<\/p>\n<p style=\"text-align: center;\"><a href=\"http:\/\/blog.lesgrossesorchadeslesamplesthalameges.fr\/wp-content\/uploads\/2020\/11\/CISEAUX-GIF.gif\"><img loading=\"lazy\" class=\"alignnone wp-image-12552\" src=\"http:\/\/blog.lesgrossesorchadeslesamplesthalameges.fr\/wp-content\/uploads\/2020\/11\/CISEAUX-GIF-300x142.gif\" alt=\"\" width=\"150\" height=\"71\" \/><\/a><\/p>\n<p>&nbsp;<\/p>\n<p>&nbsp;<\/p>\n<p>&nbsp;<\/p>\n<p style=\"text-align: center;\"><a href=\"http:\/\/blog.lesgrossesorchadeslesamplesthalameges.fr\/wp-content\/uploads\/2020\/11\/media-propaganda.jpg\"><img loading=\"lazy\" class=\"alignnone wp-image-12556 size-full\" src=\"http:\/\/blog.lesgrossesorchadeslesamplesthalameges.fr\/wp-content\/uploads\/2020\/11\/media-propaganda.jpg\" alt=\"\" width=\"750\" height=\"421\" srcset=\"https:\/\/blog.lesgrossesorchadeslesamplesthalameges.fr\/wp-content\/uploads\/2020\/11\/media-propaganda.jpg 750w, https:\/\/blog.lesgrossesorchadeslesamplesthalameges.fr\/wp-content\/uploads\/2020\/11\/media-propaganda-300x168.jpg 300w\" sizes=\"(max-width: 750px) 100vw, 750px\" \/><\/a><\/p>\n<p>&nbsp;<\/p>\n<p>&nbsp;<\/p>\n<p>&nbsp;<\/p>\n<p style=\"text-align: center;\"><span style=\"font-family: times new roman, times, serif; font-size: 14pt;\"><strong><em>\u00a0<a href=\"http:\/\/blog.lesgrossesorchadeslesamplesthalameges.fr\/wp-content\/uploads\/2020\/11\/CISEAUX-GIF.gif\"><img loading=\"lazy\" class=\"alignnone wp-image-12552\" src=\"http:\/\/blog.lesgrossesorchadeslesamplesthalameges.fr\/wp-content\/uploads\/2020\/11\/CISEAUX-GIF-300x142.gif\" alt=\"\" width=\"150\" height=\"71\" \/><\/a><\/em><\/strong><\/span><\/p>\n<p>&nbsp;<\/p>\n<p>&nbsp;<\/p>\n<p style=\"text-align: left;\"><span style=\"font-family: times new roman, times, serif; font-size: 24pt; color: #c00000;\"><strong><em>Ah, il y a aussi \u00e7a (sur la m\u00eame gazette)\u00a0; ils ont plein de fers au feu\u2026<\/em><\/strong><\/span><\/p>\n<p style=\"text-align: justify;\"><span style=\"font-family: times new roman, times, serif; font-size: 24pt; color: #c00000;\"><strong><em>\u00a0<\/em><\/strong><\/span><\/p>\n<p>&nbsp;<\/p>\n<h3 style=\"text-align: justify; padding-left: 90px;\"><a href=\"http:\/\/blog.lesgrossesorchadeslesamplesthalameges.fr\/wp-content\/uploads\/2020\/11\/Hold-Up.jpg\"><img loading=\"lazy\" class=\"alignnone size-medium wp-image-12557\" src=\"http:\/\/blog.lesgrossesorchadeslesamplesthalameges.fr\/wp-content\/uploads\/2020\/11\/Hold-Up-300x164.jpg\" alt=\"\" width=\"300\" height=\"164\" srcset=\"https:\/\/blog.lesgrossesorchadeslesamplesthalameges.fr\/wp-content\/uploads\/2020\/11\/Hold-Up-300x164.jpg 300w, https:\/\/blog.lesgrossesorchadeslesamplesthalameges.fr\/wp-content\/uploads\/2020\/11\/Hold-Up.jpg 400w\" sizes=\"(max-width: 300px) 100vw, 300px\" \/><\/a><\/h3>\n<h3 style=\"text-align: justify; padding-left: 90px;\"><span style=\"font-family: times new roman, times, serif; font-size: 14pt;\"><a href=\"https:\/\/email.lesoir.be\/optiext\/optiextension.dll?ID=_CD_DmXTI7hpclQLf%2BRySU%2B4n8qaltxjw1C7hy89JQxI9uPo2L%2BmHF8cyJQ7fKbBn4Tx8fW0sA35z6C5%2Bgi8jygtCBCgZ\"><span style=\"font-size: 18pt;\">Sur les sites de crowdfunding, le complot, \u00e7a rapporte<\/span><\/a><\/span><\/h3>\n<p>&nbsp;<\/p>\n<p>&nbsp;<\/p>\n<p style=\"text-align: left;\"><span style=\"font-family: times new roman, times, serif; font-size: 24pt; color: #c00000;\"><strong><em>Quoi, vous n\u2019avez pas encore vu HOLD UP\u00a0? On vous le met tout \u00e0 la fin du post.<\/em><\/strong><\/span><\/p>\n<p style=\"text-align: justify;\"><span style=\"font-family: times new roman, times, serif; font-size: 24pt; color: #c00000;\"><strong><em>\u00a0<\/em><\/strong><\/span><\/p>\n<p>&nbsp;<\/p>\n<p style=\"text-align: center;\"><span style=\"font-family: times new roman, times, serif; font-size: 24pt; color: #c00000;\"><strong><em>\u00a0<a href=\"http:\/\/blog.lesgrossesorchadeslesamplesthalameges.fr\/wp-content\/uploads\/2020\/11\/CISEAUX-GIF.gif\"><img loading=\"lazy\" class=\"alignnone wp-image-12552\" src=\"http:\/\/blog.lesgrossesorchadeslesamplesthalameges.fr\/wp-content\/uploads\/2020\/11\/CISEAUX-GIF-300x142.gif\" alt=\"\" width=\"150\" height=\"71\" \/><\/a><\/em><\/strong><\/span><\/p>\n<p style=\"text-align: justify;\"><span style=\"font-family: times new roman, times, serif; font-size: 14pt;\"><strong><em>\u00a0<\/em><\/strong><\/span><\/p>\n<p style=\"text-align: justify;\"><span style=\"font-family: times new roman, times, serif; font-size: 14pt;\"><strong><em>\u00a0<\/em><\/strong><\/span><\/p>\n<p>&nbsp;<\/p>\n<p style=\"text-align: justify;\"><span style=\"font-family: times new roman, times, serif; font-size: 24pt; color: #c00000;\"><strong><em>\u00ab\u00a0Pr\u00e9c\u00e8de\u00a0\u00bb\u00a0? Moi, j\u2019ai dit \u00ab\u00a0pr\u00e9c\u00e8de\u00a0\u00bb\u00a0?<\/em><\/strong><\/span><\/p>\n<p style=\"text-align: justify;\"><span style=\"font-family: times new roman, times, serif; font-size: 24pt; color: #c00000;\"><strong><em>Oui, cher cousin, vous avez dit \u00ab\u00a0pr\u00e9c\u00e8de\u00a0\u00bb.<\/em><\/strong><\/span><\/p>\n<p>&nbsp;<\/p>\n<p>&nbsp;<\/p>\n<p style=\"text-align: center;\"><span style=\"font-family: times new roman, times, serif; font-size: 36pt;\"><strong>Crise en Bi\u00e9lorussie\u00a0: la Commission europ\u00e9enne renforce son\u00a0 ing\u00e9rence<\/strong><\/span><\/p>\n<p style=\"text-align: center;\"><span style=\"font-family: times new roman, times, serif; font-size: 14pt;\"><strong>\u00a0<\/strong><\/span><\/p>\n<p>&nbsp;<\/p>\n<p style=\"text-align: center;\"><span style=\"font-family: times new roman, times, serif; font-size: 18pt;\"><strong>Karine Bechet Golovko \u2013 <em>Russie politics<\/em> \u2013 19.11.2020<\/strong><\/span><\/p>\n<p style=\"text-align: center;\"><span style=\"font-family: times new roman, times, serif; font-size: 14pt;\"><strong>\u00a0<\/strong><\/span><\/p>\n<p>&nbsp;<\/p>\n<p>&nbsp;<\/p>\n<p style=\"text-align: center;\"><a href=\"http:\/\/blog.lesgrossesorchadeslesamplesthalameges.fr\/wp-content\/uploads\/2020\/11\/UE-Bielorussie.jpg\"><img loading=\"lazy\" class=\"alignnone wp-image-12553\" src=\"http:\/\/blog.lesgrossesorchadeslesamplesthalameges.fr\/wp-content\/uploads\/2020\/11\/UE-Bielorussie.jpg\" alt=\"\" width=\"450\" height=\"299\" srcset=\"https:\/\/blog.lesgrossesorchadeslesamplesthalameges.fr\/wp-content\/uploads\/2020\/11\/UE-Bielorussie.jpg 600w, https:\/\/blog.lesgrossesorchadeslesamplesthalameges.fr\/wp-content\/uploads\/2020\/11\/UE-Bielorussie-300x200.jpg 300w\" sizes=\"(max-width: 450px) 100vw, 450px\" \/><\/a><\/p>\n<p>&nbsp;<\/p>\n<p>&nbsp;<\/p>\n<p>&nbsp;<\/p>\n<p style=\"text-align: justify;\"><span style=\"font-family: times new roman, times, serif; font-size: 14pt;\">Alors que les m\u00e9dias occidentaux sont particuli\u00e8rement discrets sur le sujet, la Commission europ\u00e9enne aurait d\u00e9cid\u00e9 de financer \u00e0 hauteur de 24 millions d&rsquo;euros la soci\u00e9t\u00e9 civile bi\u00e9lorusse \u00ab\u00a0pro-d\u00e9mocratie\u00a0\u00bb et \u00ab\u00a0l&rsquo;ind\u00e9pendance\u00a0\u00bb des m\u00e9dias et blogueurs, afin de favoriser sur le mode ukrainien le d\u00e9membrement de l&rsquo;Etat bi\u00e9lorusse en attaquant les r\u00e9gions. En Novlangue, les \u00ab\u00a0pro-d\u00e9mocrates\u00a0\u00bb sont les pro-globalistes, donc anti-Bi\u00e9lorussie et l&rsquo;ind\u00e9pendance est exclusivement r\u00e9duite \u00e0 la soumission \u00e0 l&rsquo;id\u00e9ologie dominante. C&rsquo;est ce que l&rsquo;on appelle de l&rsquo;ing\u00e9rence. C&rsquo;est aussi ce que l&rsquo;on appelle la pr\u00e9paration d&rsquo;un renversement de pouvoir de l&rsquo;ext\u00e9rieur par des mercenaires &#8211; puisque la professionnalisation et la r\u00e9mun\u00e9ration des intervenants sont pr\u00e9vues pour 5 ans. Le combat s&rsquo;installe dans la dur\u00e9e face \u00e0 la r\u00e9sistance de la Bi\u00e9lorussie, il change de forme.<\/span><\/p>\n<p style=\"text-align: justify;\"><span style=\"font-family: times new roman, times, serif; font-size: 14pt;\">Selon un article publi\u00e9 sur <a href=\"https:\/\/russian.rt.com\/ussr\/article\/803314-es-aktivisty-belorussiya\"><strong>RT <\/strong><\/a>en russe, la Commission europ\u00e9enne pr\u00e9voit de financer les activistes, les manifestants et les m\u00e9dias ainsi que les blogueurs, les \u00e9tudiants et les jeunes sp\u00e9cialistes en Bi\u00e9lorussie \u00e0 hauteur de 24 millions d&rsquo;euros. Il est vrai que jusqu&rsquo;\u00e0 pr\u00e9sent, tous les mouvements de foule n&rsquo;ont men\u00e9 \u00e0 rien et m\u00eame la victime sacrificielle attribu\u00e9e aux forces de l&rsquo;ordre bi\u00e9lorusse n&rsquo;y change rien. Le rapport au temps change, l&rsquo;ing\u00e9rence doit s&rsquo;installer dans la dur\u00e9e. Pour cela il faut former des professionnels et les r\u00e9mun\u00e9rer.<\/span><\/p>\n<p style=\"text-align: justify;\"><span style=\"font-family: times new roman, times, serif; font-size: 14pt;\">Le programme-cadre permettant cette ing\u00e9rence ouverte de l&rsquo;Union europ\u00e9enne s&rsquo;intitule \u00ab\u00a0EU4 Belarus : solidarit\u00e9 avec le peuple du Belarus\u00a0\u00bb, qui pr\u00e9voit des mesures sp\u00e9ciales en Bi\u00e9lorussie. Selon ce document, la chute de l&rsquo;\u00e9conomie a permis de lancer apr\u00e8s les \u00e9lections un profond mouvement social in\u00e9dit dans le pays. Il faut quand m\u00eame souligner que les r\u00e9formes r\u00e9alis\u00e9es ces derni\u00e8res ann\u00e9es sous injonction du FMI ont pr\u00e9par\u00e9 le terrain. Au-del\u00e0 des \u00e9lections pr\u00e9sidentielles, dont l&rsquo;UE ne reconna\u00eet pas les r\u00e9sultats, ce document pr\u00e9cise que les deux autres sources de d\u00e9stabilisation \u00e9conomique sont le probl\u00e8me du p\u00e9trole avec la Russie et la crise du Covid, qui rappelons-le, n&rsquo;a pas fait l&rsquo;objet en Bi\u00e9lorussie, comme en Su\u00e8de, de mesures liberticides. Bref, le pacte \u00e9conomique permettant la stabilit\u00e9 sociale a \u00e9t\u00e9 \u00e9br\u00e9ch\u00e9 et les forces globalistes veulent s&rsquo;engouffrer dans l&rsquo;un des derniers pays qui s&rsquo;occupe encore de son industrie nationale.<\/span><\/p>\n<p style=\"text-align: justify;\"><span style=\"font-family: times new roman, times, serif; font-size: 14pt;\">L&rsquo;UE, comme le souligne le document (en possession de RT), a d\u00e9j\u00e0 fourni une \u00ab\u00a0aide\u00a0\u00bb \u00e0 la soci\u00e9t\u00e9 civile et aux m\u00e9dias \u00ab\u00a0ind\u00e9pendants\u00a0\u00bb, mais comme le mouvement dure, un projet \u00e0 long terme de 5 ans de financement est envisag\u00e9 et il sera r\u00e9alis\u00e9 \u00e0 travers des appels d&rsquo;offres. Le but officiel est de faire comprendre \u00e0 la population, qu&rsquo;elle va \u00eatre soutenue dans le temps dans son combat contre Loukacheko et la Bi\u00e9lorussie. Et donc favoriser ce combat.<\/span><\/p>\n<p style=\"text-align: justify;\"><span style=\"font-family: times new roman, times, serif; font-size: 14pt;\">La strat\u00e9gie mise en place ici rappelle l&rsquo;Ukraine, avec quelques adaptations locales. En Bi\u00e9lorussie \u00e9galement, l&rsquo;UE joue la carte de la d\u00e9centralisation du conflit, afin de mettre les parties du territoire en conflit avec le pouvoir \u00e9tatique central et d\u00e9membrer l&rsquo;Etat bi\u00e9lorusse. Pour cela il faut des professionnels de la manifestation et les professionnels, \u00e7a se paie. C&rsquo;est justement ce qui est indiqu\u00e9 noir sur blanc en pr\u00e9voyant :<\/span><\/p>\n<p style=\"text-align: justify;\"><span style=\"font-family: times new roman, times, serif; font-size: 14pt;\">\u00ab\u00a0<strong><em>Le financement des citoyens et des organisations locales de la soci\u00e9t\u00e9 civile, des groupes sociaux, des activistes des droits de l&rsquo;homme, qui veulent continuer leur travail dans le cadre des mouvements de contestation et\/ou continuer \u00e0 apporter une aide et des services au public vis\u00e9 par eux<\/em><\/strong>\u00a0\u00bb<\/span><\/p>\n<p style=\"text-align: justify;\"><span style=\"font-family: times new roman, times, serif; font-size: 14pt;\">RT pr\u00e9cise par ailleurs qu&rsquo;il est \u00e9galement pr\u00e9vu dans le document d&rsquo;apporter une aide psychologique, juridique et m\u00e9dicales aux \u00ab\u00a0<em>victimes de la r\u00e9pression<\/em>\u00ab\u00a0. Autrement dit, les personnes qui veulent professionnellement se battre contre la Bi\u00e9lorussie seront psychologiquement form\u00e9es et d\u00e9fendues en cas de probl\u00e8mes.<\/span><\/p>\n<p style=\"text-align: justify;\"><span style=\"font-family: times new roman, times, serif; font-size: 14pt;\">Et comme nous vivons dans la soci\u00e9t\u00e9 de l&rsquo;information et que les r\u00e9seaux sociaux, comme nous l&rsquo;avons vu avec Nexta, jouent un r\u00f4le fondamental dans l&rsquo;organisation des mouvements de contestations, l&rsquo;UE est \u00e9galement pr\u00eate \u00e0 financer les m\u00e9dias, blogueurs et autres qui s&rsquo;en occuperont dans les r\u00e9gions.\u00a0<\/span><\/p>\n<p style=\"text-align: justify;\"><span style=\"font-family: times new roman, times, serif; font-size: 14pt;\">Comme dans toute action de combat frontal, peu importe qu&rsquo;elle soit militaire, diplomatique, politique, etc., il faut un bon pr\u00e9texte pour ouvertement pi\u00e9tiner la souverainet\u00e9 d&rsquo;un Etat et s&rsquo;ing\u00e9rer dans ses affaires internes, au point de financer rien de moins qu&rsquo;un coup d&rsquo;Etat. L&rsquo;excuse d\u00e9mocratique comme en Ukraine est ici aussi r\u00e9chauff\u00e9e. Et \u00e9videmment, selon ce document, tout est fait dans l&rsquo;int\u00e9r\u00eat du peuple bi\u00e9lorusse, en tout cas de ceux qui sortent dans la rue, car la majorit\u00e9 paisible n&rsquo;est manifestement pas digne d&rsquo;\u00eatre consid\u00e9r\u00e9e par l&rsquo;UE comme partie int\u00e9grante de ce peuple bi\u00e9lorusse.<\/span><\/p>\n<p style=\"text-align: justify;\"><span style=\"font-family: times new roman, times, serif; font-size: 14pt;\">L&rsquo;on appr\u00e9ciera le silence des m\u00e9dias <em>main stream<\/em>, qui ne veulent pas gacher la belle image de la r\u00e9volte populaire spontan\u00e9e contre le fameux tyran par des consid\u00e9rations financi\u00e8res aussi basses &#8230; Parce que professionaliser la contestation, c&rsquo;est pr\u00e9parer un coup d&rsquo;\u00c9tat de l&rsquo;ext\u00e9rieur avec des hommes de mains pay\u00e9s et form\u00e9s pour cela. Ce qui est beaucoup moins joli.<\/span><\/p>\n<p style=\"text-align: left;\"><span style=\"font-family: times new roman, times, serif; font-size: 14pt;\">Source\u00a0: <a href=\"http:\/\/russiepolitics.blogspot.com\/2020\/11\/crise-en-bielorussie-la-commission.html\">http:\/\/russiepolitics.blogspot.com\/2020\/11\/crise-en-bielorussie-la-commission.html<\/a><\/span><\/p>\n<p>&nbsp;<\/p>\n<p>&nbsp;<\/p>\n<p style=\"text-align: center;\"><strong><em><a href=\"http:\/\/blog.lesgrossesorchadeslesamplesthalameges.fr\/wp-content\/uploads\/2020\/11\/CISEAUX-GIF.gif\"><img loading=\"lazy\" class=\"alignnone wp-image-12552\" src=\"http:\/\/blog.lesgrossesorchadeslesamplesthalameges.fr\/wp-content\/uploads\/2020\/11\/CISEAUX-GIF-300x142.gif\" alt=\"\" width=\"150\" height=\"71\" \/><\/a><\/em><\/strong><\/p>\n<p>&nbsp;<\/p>\n<p style=\"text-align: justify;\"><span style=\"font-family: times new roman, times, serif; font-size: 14pt;\"><strong><em>\u00a0<\/em><\/strong><\/span><\/p>\n<p style=\"text-align: left;\"><span style=\"font-family: times new roman, times, serif; font-size: 24pt; color: #c00000;\"><strong><em>Et comme une \u00ab\u00a0bonne\u00a0\u00bb nouvelle n\u2019arrive jamais seule\u2026<\/em><\/strong><\/span><\/p>\n<p style=\"text-align: justify;\"><span style=\"font-family: times new roman, times, serif; font-size: 14pt;\"><strong><em>\u00a0<\/em><\/strong><\/span><\/p>\n<h3 style=\"text-align: center;\"><strong><span style=\"font-family: times new roman, times, serif; font-size: 36pt;\">Nord Stream 2 : l&rsquo;Allemagne se tourne vers les \u00c9tats-Unis contre la Russie<\/span><\/strong><\/h3>\n<p style=\"text-align: center;\"><span style=\"font-family: times new roman, times, serif; font-size: 14pt;\"><strong><em>\u00a0<a href=\"http:\/\/blog.lesgrossesorchadeslesamplesthalameges.fr\/wp-content\/uploads\/2020\/11\/000.-freccia-nera-piccola-xx-3.gif\"><img loading=\"lazy\" class=\"alignnone size-full wp-image-12558\" src=\"http:\/\/blog.lesgrossesorchadeslesamplesthalameges.fr\/wp-content\/uploads\/2020\/11\/000.-freccia-nera-piccola-xx-3.gif\" alt=\"\" width=\"46\" height=\"46\" \/><\/a><\/em><\/strong><\/span><\/p>\n<p style=\"text-align: center;\"><span style=\"font-family: times new roman, times, serif; font-size: 14pt;\"><a href=\"http:\/\/russiepolitics.blogspot.com\/2020\/11\/nord-stream-2-lallemagne-se-tourne-vers.html\"><strong>http:\/\/russiepolitics.blogspot.com\/2020\/11\/nord-stream-2-lallemagne-se-tourne-vers.html<\/strong><\/a><\/span><\/p>\n<p style=\"text-align: justify;\"><span style=\"font-family: times new roman, times, serif; font-size: 14pt;\"><strong>\u00a0<\/strong><\/span><\/p>\n<p style=\"text-align: justify;\"><span style=\"font-family: times new roman, times, serif; font-size: 14pt;\"><strong>\u00a0<\/strong><\/span><\/p>\n<p style=\"text-align: justify;\"><span style=\"font-family: times new roman, times, serif; font-size: 14pt;\"><strong>\u00a0<\/strong><\/span><\/p>\n<p style=\"text-align: center;\"><span style=\"font-family: times new roman, times, serif; font-size: 14pt;\"><strong>\u00a0<em><a href=\"http:\/\/blog.lesgrossesorchadeslesamplesthalameges.fr\/wp-content\/uploads\/2020\/11\/CISEAUX-GIF.gif\"><img loading=\"lazy\" class=\"alignnone wp-image-12552\" src=\"http:\/\/blog.lesgrossesorchadeslesamplesthalameges.fr\/wp-content\/uploads\/2020\/11\/CISEAUX-GIF-300x142.gif\" alt=\"\" width=\"150\" height=\"71\" \/><\/a><\/em><\/strong><\/span><\/p>\n<p>&nbsp;<\/p>\n<p>&nbsp;<\/p>\n<p>&nbsp;<\/p>\n<p style=\"text-align: justify;\"><span style=\"font-family: times new roman, times, serif; font-size: 24pt; color: #c00000;\"><strong><em>Th\u00e9oriquement, \u00e7a n\u2019a rien \u00e0 voir\u2026<\/em><\/strong><\/span><\/p>\n<p style=\"text-align: justify;\"><span style=\"font-family: times new roman, times, serif; font-size: 24pt; color: #c00000;\"><em>\u00a0<\/em><\/span><\/p>\n<p style=\"text-align: center;\"><span style=\"font-family: times new roman, times, serif; font-size: 36pt;\"><strong>Il convient de rappeler les ordres de grandeur dans ce d\u00e9bat.<\/strong><\/span><\/p>\n<p>&nbsp;<\/p>\n<p style=\"text-align: center;\"><span style=\"font-family: times new roman, times, serif; font-size: 18pt;\"><strong><em>Bruno Drweski<\/em><\/strong><strong> \u2013 20.11.2020<\/strong><\/span><\/p>\n<p style=\"text-align: center;\"><span style=\"font-family: times new roman, times, serif; font-size: 18pt;\"><strong>\u00a0<\/strong><\/span><\/p>\n<p>&nbsp;<\/p>\n<p style=\"text-align: center;\"><a href=\"http:\/\/blog.lesgrossesorchadeslesamplesthalameges.fr\/wp-content\/uploads\/2020\/11\/Dessin-humour-covid-vague-seconde-crise-pauvrete-fr-45ff9-9d732-Copie.jpg\"><img loading=\"lazy\" class=\"alignnone wp-image-12559 size-full\" src=\"http:\/\/blog.lesgrossesorchadeslesamplesthalameges.fr\/wp-content\/uploads\/2020\/11\/Dessin-humour-covid-vague-seconde-crise-pauvrete-fr-45ff9-9d732-Copie.jpg\" alt=\"\" width=\"600\" height=\"366\" srcset=\"https:\/\/blog.lesgrossesorchadeslesamplesthalameges.fr\/wp-content\/uploads\/2020\/11\/Dessin-humour-covid-vague-seconde-crise-pauvrete-fr-45ff9-9d732-Copie.jpg 600w, https:\/\/blog.lesgrossesorchadeslesamplesthalameges.fr\/wp-content\/uploads\/2020\/11\/Dessin-humour-covid-vague-seconde-crise-pauvrete-fr-45ff9-9d732-Copie-300x183.jpg 300w\" sizes=\"(max-width: 600px) 100vw, 600px\" \/><\/a><\/p>\n<p>&nbsp;<\/p>\n<p>&nbsp;<\/p>\n<p style=\"text-align: justify;\"><span style=\"font-family: times new roman, times, serif; font-size: 14pt;\">Cit\u00e9e dans la carte blanche de Piketty in <em>Le Monde<\/em> des 15-16 novembre,<\/span><\/p>\n<p>&nbsp;<\/p>\n<p style=\"text-align: center;\"><span style=\"font-family: times new roman, times, serif;\"><strong><span style=\"font-size: 14pt;\"><a href=\"http:\/\/blog.lesgrossesorchadeslesamplesthalameges.fr\/wp-content\/uploads\/2020\/11\/In\u00e9galit\u00e9s_WDI_Piketty_Le-Monde_1516-11-2020.pdf\">In\u00e9galit\u00e9s_WDI_Piketty_Le Monde_15&amp;16-11-2020<\/a><\/span><\/strong><\/span><\/p>\n<p>&nbsp;<\/p>\n<p style=\"text-align: justify;\"><span style=\"font-family: times new roman, times, serif; font-size: 14pt;\">la base de donn\u00e9es mondiale sur les in\u00e9galit\u00e9s. Int\u00e9ressant ! Et r\u00e9v\u00e9lateur !!!<\/span><\/p>\n<p>&nbsp;<\/p>\n<p style=\"text-align: center;\"><span style=\"font-family: times new roman, times, serif; font-size: 14pt;\"><a href=\"https:\/\/wid.world\/fr\/accueil\/\"><strong>https:\/\/wid.world\/fr\/accueil\/<\/strong><\/a><\/span><\/p>\n<p>&nbsp;<\/p>\n<p style=\"text-align: justify;\"><span style=\"font-family: times new roman, times, serif; font-size: 14pt;\">Jacques Henno, journaliste nouvelles technologies, auteur de \u00ab\u00a0Tous fich\u00e9s\u00a0\u00bb: <a href=\"http:\/\/LEMONDE.FR\">LEMONDE.FR<\/a> | 25.04.06 | 15h18 \u2022 Mis \u00e0 jour le 03.05.06 | 23h50 : Le courrier \u00e9lectronique est-il discret ou non? Jacques Henno : \u00ab Non. Tout courrier \u00e9lectronique qui circule sur Internet peut \u00eatre intercept\u00e9 par des tiers qui le veulent. On estime par exemple que la majorit\u00e9 du courrier \u00e9lectronique \u00e9chang\u00e9 dans le monde transite par les \u00c9tats-Unis. On est \u00e0 peu pr\u00e8s s\u00fbr que la NSA (National Security Agency), l&rsquo;agence de surveillance \u00e9lectronique am\u00e9ricaine, intercepte les courriers \u00e9lectroniques qui transitent par les \u00c9tats-Unis \u00bb &#8230;Soit l\u2019immense majorit\u00e9 des courriels que nous envoyons.<\/span><\/p>\n<p style=\"text-align: justify;\"><span style=\"font-family: times new roman, times, serif; font-size: 14pt;\">Re\u00e7u par mail de <a href=\"http:\/\/www.inalco.fr\/enseignant-chercheur\/bruno-drweski\">Bruno Drweski<\/a><\/span><\/p>\n<p style=\"text-align: justify;\"><span style=\"font-family: times new roman, times, serif; font-size: 14pt;\"><strong>\u00a0<\/strong><\/span><\/p>\n<p>&nbsp;<\/p>\n<p style=\"text-align: center;\"><span style=\"font-family: times new roman, times, serif; font-size: 14pt;\"><strong>\u00a0<em><a href=\"http:\/\/blog.lesgrossesorchadeslesamplesthalameges.fr\/wp-content\/uploads\/2020\/11\/CISEAUX-GIF.gif\"><img loading=\"lazy\" class=\"alignnone wp-image-12552\" src=\"http:\/\/blog.lesgrossesorchadeslesamplesthalameges.fr\/wp-content\/uploads\/2020\/11\/CISEAUX-GIF-300x142.gif\" alt=\"\" width=\"150\" height=\"71\" \/><\/a><\/em><\/strong><\/span><\/p>\n<p>&nbsp;<\/p>\n<p>&nbsp;<\/p>\n<p>&nbsp;<\/p>\n<p style=\"text-align: justify;\"><span style=\"font-family: times new roman, times, serif; font-size: 24pt; color: #c00000;\"><strong><em>On parie que vous ne saviez pas \u00e7a\u00a0:<\/em><\/strong><\/span><\/p>\n<p style=\"text-align: justify;\"><span style=\"font-family: times new roman, times, serif; font-size: 14pt; color: #c00000;\"><strong><em>(Et que vos merdias ne vous en ont pas parl\u00e9)<\/em><\/strong><\/span><\/p>\n<p style=\"text-align: justify;\"><span style=\"font-family: times new roman, times, serif; font-size: 14pt;\"><strong>\u00a0<\/strong><\/span><\/p>\n<p>&nbsp;<\/p>\n<p style=\"text-align: center;\"><span style=\"font-family: times new roman, times, serif; font-size: 36pt;\"><strong>Donald Trump ne fait pas que jouer au\u00a0golf : il\u00a0purge\u00a0le\u00a0Pentagone<\/strong><\/span><\/p>\n<p style=\"text-align: center;\"><span style=\"font-family: times new roman, times, serif; font-size: 14pt;\"><strong>\u00a0<\/strong><\/span><\/p>\n<p>&nbsp;<\/p>\n<p style=\"text-align: center;\"><span style=\"font-family: times new roman, times, serif; font-size: 18pt;\"><strong>Thierry Meyssan \u2013 <em>R\u00e9seau Voltaire<\/em> \u2013 17.11.2020<\/strong><\/span><\/p>\n<p>&nbsp;<\/p>\n<p style=\"text-align: justify;\"><span style=\"font-family: times new roman, times, serif; font-size: 14pt;\"><strong>\u00a0<\/strong><\/span><\/p>\n<p style=\"text-align: justify;\"><span style=\"font-family: tahoma, arial, helvetica, sans-serif; font-size: 14pt;\"><strong>En pleine contestation des r\u00e9sultats de l\u2019\u00e9lection pr\u00e9sidentielle, le pr\u00e9sident Donald Trump a entrepris de purger le Pentagone des chefs de la r\u00e9bellion. Premier vis\u00e9, le secr\u00e9taire \u00e0 la D\u00e9fense, qui n\u2019a cess\u00e9 de mentir pour cacher les r\u00e9els objectifs des officiers g\u00e9n\u00e9raux.<\/strong><\/span><\/p>\n<p style=\"text-align: justify;\"><span style=\"font-family: times new roman, times, serif; font-size: 14pt;\"><strong>\u00a0<\/strong><\/span><\/p>\n<p>&nbsp;<\/p>\n<p style=\"text-align: center;\"><span style=\"font-family: times new roman, times, serif; font-size: 14pt;\"><strong>\u00a0<\/strong><\/span><\/p>\n<p><a href=\"http:\/\/blog.lesgrossesorchadeslesamplesthalameges.fr\/wp-content\/uploads\/2020\/11\/MILLER.jpg\"><img loading=\"lazy\" class=\"aligncenter wp-image-12561 size-full\" src=\"http:\/\/blog.lesgrossesorchadeslesamplesthalameges.fr\/wp-content\/uploads\/2020\/11\/MILLER.jpg\" alt=\"\" width=\"600\" height=\"450\" srcset=\"https:\/\/blog.lesgrossesorchadeslesamplesthalameges.fr\/wp-content\/uploads\/2020\/11\/MILLER.jpg 600w, https:\/\/blog.lesgrossesorchadeslesamplesthalameges.fr\/wp-content\/uploads\/2020\/11\/MILLER-300x225.jpg 300w\" sizes=\"(max-width: 600px) 100vw, 600px\" \/><\/a><\/p>\n<p style=\"text-align: center;\"><span style=\"font-family: times new roman, times, serif; font-size: 12pt;\"><strong><em>Christopher Miller, nouveau secr\u00e9taire US \u00e0 la D\u00e9fense. Il a re\u00e7u pour mission d\u2019emp\u00eacher de nouvelles guerres.<\/em><\/strong><\/span><\/p>\n<p style=\"text-align: justify;\"><span style=\"font-family: times new roman, times, serif; font-size: 14pt;\"><strong><em>\u00a0<\/em><\/strong><\/span><\/p>\n<p style=\"text-align: justify;\"><span style=\"font-family: times new roman, times, serif; font-size: 14pt;\"><em>\u00a0<\/em><\/span><\/p>\n<p style=\"text-align: justify;\"><span style=\"font-family: times new roman, times, serif; font-size: 14pt;\">Une fois l\u2019\u00e9lection pr\u00e9sidentielle termin\u00e9e, le locataire de la Maison-Blanche n\u2019a plus droit que de g\u00e9rer les affaires courantes. Mais juste avant la proclamation des r\u00e9sultats du scrutin par la Commission \u00e9lectorale f\u00e9d\u00e9rale, le pr\u00e9sident Donald Trump a commenc\u00e9 une op\u00e9ration de nettoyage sans pr\u00e9c\u00e9dent du Pentagone.<\/span><\/p>\n<p style=\"text-align: justify;\"><span style=\"font-family: times new roman, times, serif; font-size: 14pt;\">La presse US, toujours occup\u00e9e \u00e0 le pr\u00e9senter comme un narcissique incomp\u00e9tent, ne semble pas tenir cela pour important. Elle le pr\u00e9sente donc comme jouant au golf.<\/span><\/p>\n<p style=\"text-align: justify;\"><span style=\"font-family: times new roman, times, serif; font-size: 14pt;\">Pourtant, il a d\u00e9mis<strong>\u00a0:<\/strong><\/span><\/p>\n<p style=\"text-align: right;\"><span style=\"font-family: times new roman, times, serif; font-size: 14pt;\"><a href=\"https:\/\/www.voltairenet.org\/article211638.html\"><strong><span style=\"font-family: arial black, sans-serif;\">Lire la suite\u2026<\/span><\/strong><\/a><\/span><\/p>\n<p style=\"text-align: left;\"><span style=\"font-family: times new roman, times, serif; font-size: 14pt;\">Source\u00a0: <a href=\"https:\/\/www.voltairenet.org\/article211638.html\">https:\/\/www.voltairenet.org\/article211638.html<\/a><\/span><\/p>\n<p style=\"text-align: justify;\"><span style=\"font-family: times new roman, times, serif; font-size: 14pt;\"><strong>\u00a0<\/strong><\/span><\/p>\n<p>&nbsp;<\/p>\n<p>&nbsp;<\/p>\n<p style=\"text-align: center;\"><span style=\"font-family: times new roman, times, serif; font-size: 14pt;\"><strong>\u00a0<em><a href=\"http:\/\/blog.lesgrossesorchadeslesamplesthalameges.fr\/wp-content\/uploads\/2020\/11\/CISEAUX-GIF.gif\"><img loading=\"lazy\" class=\"alignnone wp-image-12552\" src=\"http:\/\/blog.lesgrossesorchadeslesamplesthalameges.fr\/wp-content\/uploads\/2020\/11\/CISEAUX-GIF-300x142.gif\" alt=\"\" width=\"150\" height=\"71\" \/><\/a><\/em><\/strong><\/span><\/p>\n<p style=\"text-align: justify;\"><span style=\"font-family: times new roman, times, serif; font-size: 14pt;\"><strong>\u00a0<\/strong><\/span><\/p>\n<p>&nbsp;<\/p>\n<p style=\"text-align: justify;\"><span style=\"font-family: times new roman, times, serif; font-size: 24pt; color: #c00000;\"><strong><em>La France aussi a une arm\u00e9e divis\u00e9e.<\/em><\/strong><\/span><\/p>\n<p style=\"text-align: justify;\"><span style=\"font-family: times new roman, times, serif; font-size: 14pt; color: #c00000;\"><strong>(dont le public conna\u00eet seulement quelques noms)\u2026<\/strong><\/span><\/p>\n<p style=\"text-align: justify;\"><span style=\"font-family: times new roman, times, serif; font-size: 14pt; color: #c00000;\"><strong>\u00a0<\/strong><\/span><\/p>\n<p style=\"text-align: justify;\"><span style=\"font-family: times new roman, times, serif; font-size: 14pt;\"><strong>\u00a0<\/strong><\/span><\/p>\n<h1 style=\"text-align: center;\"><strong><span style=\"font-family: times new roman, times, serif; font-size: 36pt;\">\u00c9lections aux USA\u00a0: lettre du g\u00e9n\u00e9ral Delawarde<\/span><\/strong><\/h1>\n<p>&nbsp;<\/p>\n<p style=\"text-align: center;\"><span style=\"font-family: times new roman, times, serif; font-size: 18pt;\"><strong>G<sup>al<\/sup> Dominique Delawarde \u2013 <em>R\u00e9seau Voltaire<\/em> \u2013 13.11.2020<\/strong><\/span><\/p>\n<p>&nbsp;<\/p>\n<p>&nbsp;<\/p>\n<p style=\"text-align: center;\"><a href=\"http:\/\/blog.lesgrossesorchadeslesamplesthalameges.fr\/wp-content\/uploads\/2020\/11\/war-for-the-white-house.jpg\"><img loading=\"lazy\" class=\"alignnone wp-image-12562\" src=\"http:\/\/blog.lesgrossesorchadeslesamplesthalameges.fr\/wp-content\/uploads\/2020\/11\/war-for-the-white-house-300x168.jpg\" alt=\"\" width=\"600\" height=\"337\" srcset=\"https:\/\/blog.lesgrossesorchadeslesamplesthalameges.fr\/wp-content\/uploads\/2020\/11\/war-for-the-white-house-300x168.jpg 300w, https:\/\/blog.lesgrossesorchadeslesamplesthalameges.fr\/wp-content\/uploads\/2020\/11\/war-for-the-white-house.jpg 750w\" sizes=\"(max-width: 600px) 100vw, 600px\" \/><\/a><\/p>\n<p>&nbsp;<\/p>\n<p>&nbsp;<\/p>\n<p style=\"text-align: justify;\"><span style=\"font-family: tahoma, arial, helvetica, sans-serif; font-size: 14pt;\"><strong>Plut\u00f4t que de savoir qui sera finalement d\u00e9clar\u00e9 vainqueur de l\u2019\u00e9lection pr\u00e9sidentielle US, le g\u00e9n\u00e9ral Delawarde s\u2019\u00e9tonne de la volont\u00e9 m\u00e9diatique de ne pas consid\u00e9rer les fraudes, pourtant \u00e9videntes.<\/strong><\/span><\/p>\n<p style=\"text-align: justify;\"><span style=\"font-family: tahoma, arial, helvetica, sans-serif; font-size: 14pt;\"><strong>\u00a0<\/strong><\/span><\/p>\n<p style=\"text-align: justify;\"><span style=\"font-family: times new roman, times, serif; font-size: 14pt;\">Mes chers amis,<\/span><\/p>\n<p style=\"text-align: justify;\"><span style=\"font-family: times new roman, times, serif; font-size: 14pt;\">Nombre d\u2019entre vous m\u2019ont demand\u00e9 quel \u00e9tait mon opinion sur les \u00e9v\u00e9nements qui se sont d\u00e9roul\u00e9s aux USA entre le 3 novembre et ce jour dans le cadre de l\u2019\u00e9lection pr\u00e9sidentielle. Ma double casquette d\u2019expert du renseignement et de sp\u00e9cialiste des \u00c9tats-Unis m\u2019a valu de nombreuses questions que je r\u00e9sumerai en deux grandes s\u00e9ries\u00a0:<\/span><\/p>\n<p>&nbsp;<\/p>\n<p style=\"text-align: justify; padding-left: 90px;\"><span style=\"font-family: times new roman, times, serif; font-size: 14pt;\">1 \u2013 Y-a-t-il eu fraude \u00e9lectorale et l\u2019hypoth\u00e8se d\u2019un coup d\u2019\u00c9tat visant \u00e0 inverser le r\u00e9sultat de l\u2019\u00e9lection est-elle cr\u00e9dible\u00a0?<\/span><\/p>\n<p style=\"text-align: justify; padding-left: 90px;\"><span style=\"font-family: times new roman, times, serif; font-size: 14pt;\">2 \u2013 Si Biden devait \u00eatre \u00e9lu le 8 d\u00e9cembre prochain et intronis\u00e9 le 20 janvier 2021, quelles cons\u00e9quences faudrait-il attendre de sa prise de pouvoir.<\/span><\/p>\n<p>&nbsp;<\/p>\n<p style=\"text-align: justify;\"><span style=\"font-family: times new roman, times, serif; font-size: 14pt;\">Je vais m\u2019efforcer de r\u00e9pondre clairement \u00e0 ces deux questions dans les lignes qui suivent.<\/span><\/p>\n<p>&nbsp;<\/p>\n<h3 style=\"text-align: justify;\"><strong><span style=\"font-family: times new roman, times, serif; font-size: 18pt;\">Conflits d\u2019int\u00e9r\u00eat de l\u2019auteur\u00a0?<\/span><\/strong><\/h3>\n<p style=\"text-align: justify;\"><span style=\"font-family: times new roman, times, serif; font-size: 14pt;\">Il est important pour chacun d\u2019entre vous de savoir, avant d\u2019entamer la lecture de ma lettre, si son auteur a un quelconque conflit d\u2019int\u00e9r\u00eat pouvant orienter son propos sur le sujet trait\u00e9.<\/span><\/p>\n<p style=\"text-align: right;\"><span style=\"font-family: times new roman, times, serif; font-size: 14pt;\"><a href=\"https:\/\/www.voltairenet.org\/article211634.html\"><strong><span style=\"font-family: arial black, sans-serif;\">Lire la suite\u2026<\/span><\/strong><\/a><\/span><\/p>\n<p style=\"text-align: left;\"><span style=\"font-family: times new roman, times, serif; font-size: 14pt;\">Source\u00a0: <a href=\"https:\/\/www.voltairenet.org\/article211634.html\">https:\/\/www.voltairenet.org\/article211634.html<\/a><\/span><\/p>\n<p style=\"text-align: justify;\"><span style=\"font-family: times new roman, times, serif; font-size: 14pt;\"><strong>\u00a0<\/strong><\/span><\/p>\n<p style=\"text-align: left;\"><span style=\"font-family: comic sans ms, sans-serif; font-size: 14pt;\"><strong>Pour rappel\u00a0: le G<sup>al<\/sup> Delawarde anime, sur <\/strong><a href=\"https:\/\/strategika.fr\/\"><strong>Strategika.fr<\/strong><\/a><strong>\u00a0: \u00ab\u00a0<\/strong><a href=\"https:\/\/strategika.fr\/2020\/09\/05\/covid-19-ingenierie-sociale-manipulations-le-point-avec-lucien-cerise\/\"><strong>Le point sur le Covid 19\u00a0<\/strong><\/a><strong>\u00bb.<\/strong><\/span><\/p>\n<p style=\"text-align: justify;\"><span style=\"font-family: times new roman, times, serif; font-size: 14pt;\"><strong>\u00a0<\/strong><\/span><\/p>\n<p>&nbsp;<\/p>\n<p>&nbsp;<\/p>\n<p style=\"text-align: center;\"><span style=\"font-family: times new roman, times, serif; font-size: 14pt;\"><strong>\u00a0<em><a href=\"http:\/\/blog.lesgrossesorchadeslesamplesthalameges.fr\/wp-content\/uploads\/2020\/11\/CISEAUX-GIF.gif\"><img loading=\"lazy\" class=\"alignnone wp-image-12552\" src=\"http:\/\/blog.lesgrossesorchadeslesamplesthalameges.fr\/wp-content\/uploads\/2020\/11\/CISEAUX-GIF-300x142.gif\" alt=\"\" width=\"150\" height=\"71\" \/><\/a><\/em><\/strong><\/span><\/p>\n<p>&nbsp;<\/p>\n<p style=\"text-align: justify;\"><span style=\"font-family: times new roman, times, serif; font-size: 24pt; color: #c00000;\"><strong>\u00a0<\/strong><\/span><\/p>\n<p style=\"text-align: justify;\"><span style=\"font-family: times new roman, times, serif; font-size: 24pt; color: #c00000;\"><strong><em>On \u00e9tait en Europe, n\u2019est-ce pas\u00a0?<\/em><\/strong><\/span><\/p>\n<p style=\"text-align: justify;\"><span style=\"font-family: times new roman, times, serif; font-size: 14pt;\"><strong><em>\u00a0<\/em><\/strong><\/span><\/p>\n<p style=\"text-align: center;\"><span style=\"font-family: times new roman, times, serif; font-size: 36pt;\"><strong>Les euromissiles nucl\u00e9aires reviennent<\/strong><\/span><\/p>\n<p>&nbsp;<\/p>\n<p style=\"text-align: center;\"><span style=\"font-family: times new roman, times, serif; font-size: 18pt;\"><strong>Manlio Dinucci \u2013 <em>il manifesto<\/em> \u2013 20.11.2020<\/strong><\/span><\/p>\n<p style=\"text-align: center;\"><span style=\"font-family: times new roman, times, serif; font-size: 18pt;\">via<strong> <em>R\u00e9seau Voltaire<\/em><\/strong><\/span><\/p>\n<p>&nbsp;<\/p>\n<p>&nbsp;<\/p>\n<p style=\"text-align: justify;\"><span style=\"font-family: times new roman, times, serif; font-size: 14pt;\"><strong><em>La crise des euromissiles, qui domina la politique europ\u00e9enne \u00e0 la fin des ann\u00e9es 70, va-t-elle se reproduire\u00a0? C\u2019est manifestement ce que pr\u00e9pare le Pentagone, quel que soit le locataire de la Maison-Blanche.<\/em><\/strong><\/span><\/p>\n<p>&nbsp;<\/p>\n<p>&nbsp;<\/p>\n<p style=\"text-align: center;\"><a href=\"http:\/\/blog.lesgrossesorchadeslesamplesthalameges.fr\/wp-content\/uploads\/2020\/11\/saint-georges.jpg\"><img loading=\"lazy\" class=\"alignnone wp-image-12563 size-full\" src=\"http:\/\/blog.lesgrossesorchadeslesamplesthalameges.fr\/wp-content\/uploads\/2020\/11\/saint-georges.jpg\" alt=\"\" width=\"600\" height=\"450\" srcset=\"https:\/\/blog.lesgrossesorchadeslesamplesthalameges.fr\/wp-content\/uploads\/2020\/11\/saint-georges.jpg 600w, https:\/\/blog.lesgrossesorchadeslesamplesthalameges.fr\/wp-content\/uploads\/2020\/11\/saint-georges-300x225.jpg 300w\" sizes=\"(max-width: 600px) 100vw, 600px\" \/><\/a><\/p>\n<p style=\"text-align: center;\"><span style=\"font-family: times new roman, times, serif; font-size: 12pt;\"><strong><em>Saint Georges terrassant le dragon. La sculpture a \u00e9t\u00e9 r\u00e9alis\u00e9e \u00e0 partir de fragments de missiles nucl\u00e9aires sovi\u00e9tiques SS-20 et am\u00e9ricains Pershing.<\/em><\/strong><\/span><\/p>\n<p style=\"text-align: center;\"><span style=\"font-family: times new roman, times, serif; font-size: 12pt;\"><strong><em>\u00a0<\/em><\/strong><\/span><\/p>\n<p style=\"text-align: justify;\"><span style=\"font-family: times new roman, times, serif; font-size: 14pt;\"><strong><em>\u00a0<\/em><\/strong><\/span><\/p>\n<p style=\"text-align: justify;\"><span style=\"font-family: tahoma, arial, helvetica, sans-serif; font-size: 14pt;\"><strong>Quand, il y a plus de cinq ans, nous avions titr\u00e9 \u00ab\u00a0Les missiles reviennent-ils \u00e0 Comiso\u00a0?\u00a0\u00bb\u00a0[<\/strong><a href=\"https:\/\/www.voltairenet.org\/article211694.html#nb1\"><strong>1<\/strong><\/a><strong>], cette hypoth\u00e8se fut ignor\u00e9e par l\u2019ensemble de l\u2019arc politique et liquid\u00e9e par quelque soi-disant expert comme \u00ab\u00a0alarmiste\u00a0\u00bb. L\u2019alarme, malheureusement, \u00e9tait fond\u00e9e.<\/strong><\/span><\/p>\n<p>&nbsp;<\/p>\n<p style=\"text-align: justify;\"><span style=\"font-family: times new roman, times, serif; font-size: 14pt;\">Il y a quelques jours, le 6 novembre, la soci\u00e9t\u00e9 Lockheed Martin (celle-l\u00e0 m\u00eame qui produit les F-35) a sign\u00e9 un premier contrat de 340\u00a0millions de dollars avec l\u2019US Army pour la production de missiles \u00e0 port\u00e9e interm\u00e9diaire, y compris \u00e0 t\u00eate nucl\u00e9aire, projet\u00e9s pour \u00eatre install\u00e9s en Europe. Les missiles de cette cat\u00e9gorie (avec base au sol et port\u00e9e entre 500 et 5\u00a0500\u00a0km) avaient \u00e9t\u00e9 interdits par le Trait\u00e9 FNI, sign\u00e9 en 1987 par les pr\u00e9sidents Gorbatchev et Reagan\u00a0: il avait \u00e9limin\u00e9 les missiles balistiques nucl\u00e9aires Pershing\u00a02, d\u00e9ploy\u00e9s par les \u00c9tats-Unis en Allemagne de l\u2019Ouest, et les missiles nucl\u00e9aires de croisi\u00e8re Tomahawk, d\u00e9ploy\u00e9s par les \u00c9tats-Unis en Italie (Comiso), Grande-Bretagne, Allemagne de l\u2019Ouest, Belgique et Pays-Bas, et en m\u00eame temps les missiles balistiques SS-20 d\u00e9ploy\u00e9s par l\u2019Union Sovi\u00e9tique sur son territoire.<\/span><\/p>\n<p style=\"text-align: justify;\"><span style=\"font-family: times new roman, times, serif; font-size: 14pt;\">En 2014, l\u2019administration Obama accusait la Russie, sans aucune preuve, d\u2019avoir exp\u00e9riment\u00e9 un missile de croisi\u00e8re (sigle 9M729) de la cat\u00e9gorie interdite par le Trait\u00e9 et, en 2015, annon\u00e7ait\u00a0: \u00ab\u00a0face \u00e0 la violation du Trait\u00e9 FNI par la Russie, les \u00c9tats-Unis sont en train de consid\u00e9rer le d\u00e9ploiement en Europe de missiles avec base au sol\u00a0\u00bb. Le t\u00e9moin est ensuite pass\u00e9 \u00e0 l\u2019administration Trump, qui en 2019 a d\u00e9cid\u00e9 le retrait des \u00c9tats-Unis du Trait\u00e9 FNI, en accusant la Russie de l\u2019avoir \u00ab\u00a0d\u00e9lib\u00e9r\u00e9ment viol\u00e9\u00a0\u00bb.<\/span><\/p>\n<p style=\"text-align: right;\"><span style=\"font-family: arial black, sans-serif; font-size: 14pt;\"><a href=\"https:\/\/www.voltairenet.org\/article211694.html\"><strong>Lire la suite\u2026<\/strong><\/a><\/span><\/p>\n<p style=\"text-align: left;\"><span style=\"font-family: times new roman, times, serif; font-size: 14pt;\">Source\u00a0: <a href=\"https:\/\/www.voltairenet.org\/article211694.html\">https:\/\/www.voltairenet.org\/article211694.html<\/a><\/span><\/p>\n<p style=\"text-align: justify;\"><span style=\"font-family: times new roman, times, serif; font-size: 14pt;\"><strong>\u00a0<\/strong><\/span><\/p>\n<p style=\"text-align: justify;\"><span style=\"font-family: times new roman, times, serif; font-size: 14pt;\"><strong>\u00a0<\/strong><\/span><\/p>\n<p style=\"text-align: center;\"><span style=\"font-family: times new roman, times, serif; font-size: 14pt;\"><strong>\u00a0<em><a href=\"http:\/\/blog.lesgrossesorchadeslesamplesthalameges.fr\/wp-content\/uploads\/2020\/11\/CISEAUX-GIF.gif\"><img loading=\"lazy\" class=\"alignnone wp-image-12552\" src=\"http:\/\/blog.lesgrossesorchadeslesamplesthalameges.fr\/wp-content\/uploads\/2020\/11\/CISEAUX-GIF-300x142.gif\" alt=\"\" width=\"150\" height=\"71\" \/><\/a><\/em><\/strong><\/span><\/p>\n<p>&nbsp;<\/p>\n<p style=\"text-align: justify;\"><span style=\"font-family: times new roman, times, serif; font-size: 14pt;\"><strong>\u00a0<\/strong><\/span><\/p>\n<p style=\"text-align: justify;\"><span style=\"font-family: times new roman, times, serif; font-size: 24pt; color: #c00000;\"><strong><em>\u00c7a rappellera de joyeux souvenirs \u00e0 certains\u2026<\/em><\/strong><\/span><\/p>\n<p style=\"text-align: justify;\"><span style=\"font-family: times new roman, times, serif; font-size: 14pt; color: #c00000;\"><strong><em>Heureusement, pas \u00e0 beaucoup.<\/em><\/strong><\/span><\/p>\n<p>&nbsp;<\/p>\n<p style=\"text-align: center;\"><span style=\"font-family: times new roman, times, serif; font-size: 14pt;\"><strong><span style=\"font-size: 36pt;\">\u00a0Absurdistan :<\/span><em><br \/>\n<\/em><\/strong><\/span><\/p>\n<h1 style=\"text-align: center;\"><strong><span style=\"font-family: times new roman, times, serif; font-size: 30pt;\">apr\u00e8s un reconfinement ubuesque, la museli\u00e8re humaine, les attentats sous faux drapeau, la censure, voici venu le temps du Blackout et de l\u2019obscurit\u00e9<\/span><\/strong><\/h1>\n<p>&nbsp;<\/p>\n<p style=\"text-align: center;\"><span style=\"font-family: times new roman, times, serif; font-size: 18pt;\"><strong><em>Strategika 51\u2013 <\/em><\/strong><strong>20.11.2020<\/strong><\/span><\/p>\n<p style=\"text-align: justify;\"><span style=\"font-family: times new roman, times, serif; font-size: 14pt;\"><strong>\u00a0<\/strong><\/span><\/p>\n<p>&nbsp;<\/p>\n<p style=\"text-align: center;\"><a href=\"http:\/\/blog.lesgrossesorchadeslesamplesthalameges.fr\/wp-content\/uploads\/2020\/11\/blackout.jpg\"><img loading=\"lazy\" class=\"alignnone wp-image-12564\" src=\"http:\/\/blog.lesgrossesorchadeslesamplesthalameges.fr\/wp-content\/uploads\/2020\/11\/blackout-300x154.jpg\" alt=\"\" width=\"700\" height=\"358\" srcset=\"https:\/\/blog.lesgrossesorchadeslesamplesthalameges.fr\/wp-content\/uploads\/2020\/11\/blackout-300x154.jpg 300w, https:\/\/blog.lesgrossesorchadeslesamplesthalameges.fr\/wp-content\/uploads\/2020\/11\/blackout.jpg 746w\" sizes=\"(max-width: 700px) 100vw, 700px\" \/><\/a><\/p>\n<p style=\"text-align: justify;\"><span style=\"font-family: times new roman, times, serif; font-size: 14pt;\"><strong><em>\u00a0<\/em><\/strong><\/span><\/p>\n<p style=\"text-align: justify;\"><span style=\"font-family: times new roman, times, serif; font-size: 14pt;\"><strong><em>\u00a0<\/em><\/strong><\/span><\/p>\n<p style=\"text-align: justify;\"><span style=\"font-family: tahoma, arial, helvetica, sans-serif; font-size: 14pt;\"><strong>Apr\u00e8s la manipulation du COVID-19, un confinement g\u00e9n\u00e9ralis\u00e9 des populations, l\u2019imposition forc\u00e9e d\u2019une museli\u00e8re humaine, plusieurs attentats sous fausse banni\u00e8re, une d\u00e9rive liberticide et totalitaire en filigrane, la France va-t-elle bient\u00f4t se retrouver dans le noir?<\/strong><\/span><\/p>\n<p>&nbsp;<\/p>\n<p style=\"text-align: justify;\"><span style=\"font-family: times new roman, times, serif; font-size: 14pt;\">C\u2019est ce qu\u2019un membre du gouvernement a laiss\u00e9 entendre. La menace des ph\u00e9nom\u00e8nes de p\u00e9nurie d\u2019\u00e9nergie \u00e9lectrique et des coupures g\u00e9n\u00e9ralis\u00e9es ou blackout est donc bien r\u00e9elle en cette fin d\u2019ann\u00e9e 2020.<\/span><\/p>\n<p style=\"text-align: right;\"><span style=\"font-family: times new roman, times, serif; font-size: 14pt;\"><a href=\"https:\/\/strategika51.org\/2020\/11\/20\/absurdistan-apres-un-reconfinement-ubuesque-la-museliere-humaine-les-attentats-sous-faux-drapeau-la-censure-voici-venu-le-temps-du-blackout-et-de-lobscurite\/\"><strong><span style=\"font-family: arial black, sans-serif;\">Lire la suite\u2026<\/span><\/strong><\/a><\/span><\/p>\n<p style=\"text-align: left;\"><span style=\"font-family: times new roman, times, serif; font-size: 14pt;\">Source\u00a0: <a href=\"https:\/\/strategika51.org\/2020\/11\/20\/absurdistan-apres-un-reconfinement-ubuesque-la-museliere-humaine-les-attentats-sous-faux-drapeau-la-censure-voici-venu-le-temps-du-blackout-et-de-lobscurite\/\">https:\/\/strategika51.org\/2020\/11\/20\/absurdistan-apres-un-reconfinement-ubuesque-la-museliere-humaine-les-attentats-sous-faux-drapeau-la-censure-voici-venu-le-temps-du-blackout-et-de-lobscurite\/<\/a><\/span><\/p>\n<p style=\"text-align: justify;\"><span style=\"font-family: times new roman, times, serif; font-size: 14pt;\"><strong>\u00a0<\/strong><\/span><\/p>\n<p>&nbsp;<\/p>\n<p>&nbsp;<\/p>\n<p style=\"text-align: center;\"><span style=\"font-family: times new roman, times, serif; font-size: 14pt;\"><strong>\u00a0<em><a href=\"http:\/\/blog.lesgrossesorchadeslesamplesthalameges.fr\/wp-content\/uploads\/2020\/11\/CISEAUX-GIF.gif\"><img loading=\"lazy\" class=\"alignnone wp-image-12552\" src=\"http:\/\/blog.lesgrossesorchadeslesamplesthalameges.fr\/wp-content\/uploads\/2020\/11\/CISEAUX-GIF-300x142.gif\" alt=\"\" width=\"150\" height=\"71\" \/><\/a><\/em><\/strong><\/span><\/p>\n<p>&nbsp;<\/p>\n<p>&nbsp;<\/p>\n<p style=\"text-align: justify;\"><span style=\"font-family: times new roman, times, serif; font-size: 24pt; color: #c00000;\"><strong><em>Vid\u00e9o promise, vid\u00e9o due<\/em><\/strong><strong>.<\/strong><\/span><\/p>\n<p style=\"text-align: justify;\"><span style=\"font-family: times new roman, times, serif; font-size: 14pt;\"><strong>\u00a0<\/strong><\/span><\/p>\n<p style=\"text-align: center;\"><span style=\"font-family: times new roman, times, serif; font-size: 14pt;\"><strong><span style=\"font-size: 40pt;\">Tir de barrage contre \u00ab\u00a0Hold-up\u00a0\u00bb : la censure comme objectif<\/span><\/strong><\/span><\/p>\n<p style=\"text-align: center;\"><span style=\"font-family: times new roman, times, serif; font-size: 14pt;\"><strong>\u00a0<\/strong><\/span><\/p>\n<p style=\"text-align: center;\"><span style=\"font-family: times new roman, times, serif; font-size: 18pt;\"><strong>R\u00e9gis de Castelnau \u2013 <em>Vu du droit<\/em> \u2013 13.11.2020<\/strong><\/span><\/p>\n<p style=\"text-align: justify;\"><span style=\"font-family: times new roman, times, serif; font-size: 18pt;\"><strong>\u00a0<\/strong><\/span><\/p>\n<p style=\"text-align: justify;\"><span style=\"font-family: comic sans ms, sans-serif; font-size: 14pt;\"><span style=\"color: #c00000; font-size: 18pt;\"><strong>Attention\u00a0!<\/strong><\/span> <span style=\"font-size: 12pt;\"><strong>Nous ne partageons pas \u2013 mais alors pas du tout\u00a0! \u2013 l\u2019engouement de M<sup>e<\/sup> de Castelnau pour <em>Front Populaire<\/em>. Sur son animateur, Michel Onfray, <\/strong><a href=\"https:\/\/blogs.mediapart.fr\/jacques-marie-bourget\/blog\/290920\/onfray-ressuscite-le-reve-de-maurras\"><strong>nous partageons totalement le sentiment de M. Jacques-Marie Bourget<\/strong><\/a><strong>. La vid\u00e9o ci-dessous n\u2019a rien \u00e0 voir, d\u2019ailleurs, avec les successeurs de BHL &amp; C\u00b0. D\u2019autre part, M<sup>e<\/sup> de Castelnau fait plus que des r\u00e9serves sur le site de <em>Mediapart <\/em>et son animateur Edwy Plenel. Il a sans doute raison et il faut le prendre au s\u00e9rieux. N\u2019emp\u00eache que le site <em>M\u00e9diapart<\/em> h\u00e9berge les blogs de beaucoup de personnes int\u00e9ressantes et ind\u00e9pendantes, dont celui de M. Bourget. <\/strong><\/span><span style=\"color: #c00000;\"><strong>L.G.O.<\/strong><\/span><\/span><\/p>\n<p style=\"text-align: justify;\"><span style=\"font-family: times new roman, times, serif; font-size: 14pt;\"><strong>\u00a0<\/strong><\/span><\/p>\n<p>&nbsp;<\/p>\n<p style=\"text-align: center;\"><a href=\"http:\/\/blog.lesgrossesorchadeslesamplesthalameges.fr\/wp-content\/uploads\/2020\/11\/Hold-up.jpeg\"><img loading=\"lazy\" class=\"alignnone wp-image-12565 size-full\" src=\"http:\/\/blog.lesgrossesorchadeslesamplesthalameges.fr\/wp-content\/uploads\/2020\/11\/Hold-up.jpeg\" alt=\"\" width=\"600\" height=\"337\" srcset=\"https:\/\/blog.lesgrossesorchadeslesamplesthalameges.fr\/wp-content\/uploads\/2020\/11\/Hold-up.jpeg 600w, https:\/\/blog.lesgrossesorchadeslesamplesthalameges.fr\/wp-content\/uploads\/2020\/11\/Hold-up-300x169.jpeg 300w\" sizes=\"(max-width: 600px) 100vw, 600px\" \/><\/a><\/p>\n<p>&nbsp;<\/p>\n<p>&nbsp;<\/p>\n<p style=\"text-align: justify;\"><span style=\"font-family: tahoma, arial, helvetica, sans-serif; font-size: 14pt;\"><strong>La diffusion du documentaire \u00ab\u00a0Hold-up\u00a0\u00bb provoque une pol\u00e9mique g\u00e9ante, dans un climat de cacophonie impressionnante, de pulsions liberticides plus qu\u2019inqui\u00e9tantes, et de d\u00e9solantes courses \u00e0 la respectabilit\u00e9 bourgeoise.<\/strong><\/span><\/p>\n<p style=\"text-align: justify;\"><span style=\"font-family: tahoma, arial, helvetica, sans-serif; font-size: 14pt;\"><strong>Il se trouve que les r\u00e9alisateurs m\u2019ont sollicit\u00e9 et que j\u2019ai \u00e9t\u00e9 amen\u00e9 \u00e0 r\u00e9pondre \u00e0 leurs questions. Sur le fond je n\u2019ai fait que r\u00e9p\u00e9ter ce que je dis d\u00e9j\u00e0 depuis un moment sur les diff\u00e9rentes tribunes qui me sont offertes. C\u2019est-\u00e0-dire que la gestion de la pand\u00e9mie par l\u2019actuel pouvoir politique s\u2019effectue dans un cadre juridique d\u00e9voy\u00e9.<\/strong><\/span><\/p>\n<p>&nbsp;<\/p>\n<p style=\"text-align: justify;\"><span style=\"font-family: times new roman, times, serif; font-size: 14pt;\">Je ne me suis pas prononc\u00e9 sur la pertinence des mesures passablement violentes qui sont impos\u00e9es \u00e0 un peuple entier. J\u2019estime n\u2019en avoir pas les comp\u00e9tences, m\u00eame si j\u2019essaie de me forger une conviction en \u00e9coutant les avis de ceux qui ont a priori une certaine l\u00e9gitimit\u00e9 et dont le moins que l\u2019on puisse dire est qu\u2019ils ont du mal \u00e0 se mettre d\u2019accord. J\u2019ai simplement relev\u00e9 que le mod\u00e8le contraignant qui nous est impos\u00e9 l\u2019\u00e9tait la plupart du temps en violation des r\u00e8gles de l\u2019\u00c9tat de droit qui devrait r\u00e9gner dans notre pays. Qu\u2019outre leur caract\u00e8re r\u00e9guli\u00e8rement ill\u00e9gal, elles ont \u00e0 peu pr\u00e8s syst\u00e9matiquement une dimension essentiellement punitive, et ont tendance \u00e0 traiter le peuple fran\u00e7ais comme un ramassis d\u2019enfants irresponsables et m\u00e9prisables.<\/span><\/p>\n<p style=\"text-align: justify;\"><span style=\"font-family: times new roman, times, serif; font-size: 14pt;\">Je pense comme beaucoup de commentateurs et d\u2019hommes politiques, par exemple Jean-Luc M\u00e9lenchon r\u00e9cemment, que la d\u00e9rive autoritaire du pouvoir politique dans notre pays est tr\u00e8s pr\u00e9occupante. Je ne consid\u00e8re pas qu\u2019il s\u2019agit l\u00e0 de la mise en \u0153uvre d\u2019une strat\u00e9gie pens\u00e9e et organis\u00e9e tr\u00e8s en amont, mais pour le pouvoir macroniste, d\u2019un \u00ab\u00a0effet d\u2019aubaine\u00a0\u00bb qui aggrave la pente naturelle d\u2019un syst\u00e8me minoritaire utilisateur r\u00e9gulier des atteintes aux libert\u00e9s publiques. Et je crains qu\u2019il soit difficile ensuite de revenir en arri\u00e8re, et de les restaurer dans leur pl\u00e9nitude.<\/span><\/p>\n<p style=\"text-align: justify;\"><span style=\"font-family: times new roman, times, serif; font-size: 14pt;\">Je pense par cons\u00e9quent, peut-\u00eatre \u00e0 tort, qu\u2019il est difficile de pr\u00e9tendre que je manque de coh\u00e9rence. Et j\u2019attends de pied ferme dans le cadre d\u2019un d\u00e9bat contradictoire normal dans une d\u00e9mocratie, que l\u2019on r\u00e9fute ce que j\u2019avance.<\/span><\/p>\n<p style=\"text-align: right;\"><span style=\"font-family: times new roman, times, serif; font-size: 14pt;\"><a href=\"https:\/\/www.vududroit.com\/2020\/11\/tir-de-barrage-contre-hold-up-la-censure-comme-objectif\/\"><strong><span style=\"font-family: arial black, sans-serif;\">Lire la suite\u2026<\/span><\/strong><\/a><\/span><\/p>\n<p style=\"text-align: left;\"><span style=\"font-family: times new roman, times, serif; font-size: 14pt;\">Source\u00a0: <a href=\"https:\/\/www.vududroit.com\/2020\/11\/tir-de-barrage-contre-hold-up-la-censure-comme-objectif\/\"><span style=\"font-family: times new roman, times, serif;\">https:\/\/www.vu<\/span>dudroit.com\/2020\/11\/tir-de-barrage-contre-hold-up-la-censure-comme-objectif\/<\/a><\/span><\/p>\n<p>&nbsp;<\/p>\n<p>&nbsp;<\/p>\n<p>&nbsp;<\/p>\n<p style=\"text-align: center;\"><span style=\"font-family: times new roman, times, serif; font-size: 14pt;\"><strong><em>\u00a0<a href=\"http:\/\/blog.lesgrossesorchadeslesamplesthalameges.fr\/wp-content\/uploads\/2020\/11\/CISEAUX-GIF.gif\"><img loading=\"lazy\" class=\"alignnone wp-image-12552\" src=\"http:\/\/blog.lesgrossesorchadeslesamplesthalameges.fr\/wp-content\/uploads\/2020\/11\/CISEAUX-GIF-300x142.gif\" alt=\"\" width=\"150\" height=\"71\" \/><\/a><\/em><\/strong><\/span><\/p>\n<p>&nbsp;<\/p>\n<p>&nbsp;<\/p>\n<p style=\"text-align: justify;\"><span style=\"font-family: times new roman, times, serif; font-size: 24pt; color: #c00000;\"><strong><em>Et voici la pi\u00e8ce \u00e0 conviction\u00a0:<\/em><\/strong><\/span><\/p>\n<p>&nbsp;<\/p>\n<p>&nbsp;<\/p>\n<p style=\"text-align: center;\"><span style=\"font-family: times new roman, times, serif; font-size: 14pt;\"><iframe loading=\"lazy\" src=\"\/\/www.youtube.com\/embed\/p-86riKDjUE\" width=\"560\" height=\"315\" frameborder=\"0\" allowfullscreen=\"allowfullscreen\"><\/iframe><\/span><\/p>\n<p>&nbsp;<\/p>\n<p style=\"text-align: center;\"><span style=\"font-family: times new roman, times, serif; font-size: 18pt; color: #c00000;\"><strong><em>Ou ici\u00a0:<\/em><\/strong><\/span><\/p>\n<p style=\"text-align: center;\"><span style=\"font-family: times new roman, times, serif; font-size: 14pt;\"><a href=\"https:\/\/odysee.com\/@Honeywellcom:d\/HOLD-UP-film-documentaire-:d\"><strong>https:\/\/odysee.com\/@Honeywellcom:d\/HOLD-UP-film-documentaire-:d<\/strong><\/a><\/span><\/p>\n<p>&nbsp;<\/p>\n<p style=\"text-align: center;\"><span style=\"font-family: times new roman, times, serif; font-size: 18pt; color: #c00000;\"><strong><em>Ou encore ici\u00a0:<\/em><\/strong><\/span><\/p>\n<p style=\"text-align: center;\"><span style=\"font-family: times new roman, times, serif; font-size: 14pt;\"><a href=\"https:\/\/gloria.tv\/post\/78x7ufjhzMzA1cx13xMYJvpNc\"><strong>https:\/\/gloria.tv\/post\/78x7ufjhzMzA1cx13xMYJvpNc<\/strong><\/a><\/span><\/p>\n<p style=\"text-align: center;\"><span style=\"font-family: times new roman, times, serif; font-size: 14pt;\"><strong>\u00a0<\/strong><\/span><\/p>\n<p style=\"text-align: justify;\"><span style=\"font-family: times new roman, times, serif; font-size: 14pt;\"><strong>\u00a0<\/strong><\/span><\/p>\n<p style=\"text-align: center;\"><span style=\"font-family: times new roman, times, serif; font-size: 14pt;\"><strong>\u00a0<em><a href=\"http:\/\/blog.lesgrossesorchadeslesamplesthalameges.fr\/wp-content\/uploads\/2020\/11\/CISEAUX-GIF.gif\"><img loading=\"lazy\" class=\"alignnone wp-image-12552\" src=\"http:\/\/blog.lesgrossesorchadeslesamplesthalameges.fr\/wp-content\/uploads\/2020\/11\/CISEAUX-GIF-300x142.gif\" alt=\"\" width=\"150\" height=\"71\" \/><\/a><\/em><\/strong><\/span><\/p>\n<p>&nbsp;<\/p>\n<p>&nbsp;<\/p>\n<p style=\"text-align: justify;\"><span style=\"font-family: times new roman, times, serif; font-size: 24pt; color: #c00000;\"><strong><em>Tiens, pendant qu\u2019on y est\u00a0:<\/em><\/strong><\/span><\/p>\n<p style=\"text-align: justify;\"><span style=\"font-family: times new roman, times, serif; font-size: 24pt; color: #c00000;\"><strong><em>\u00a0<\/em><\/strong><\/span><\/p>\n<p style=\"text-align: center;\"><span style=\"font-family: times new roman, times, serif; font-size: 36pt;\"><strong>Symphonie du Nouveau-Monde<\/strong><\/span><\/p>\n<p style=\"text-align: justify;\"><span style=\"font-family: times new roman, times, serif; font-size: 14pt;\"><strong>\u00a0<\/strong><\/span><\/p>\n<p style=\"text-align: center;\"><span style=\"font-family: comic sans ms, sans-serif; font-size: 14pt;\"><strong>C\u2019est sur <\/strong><strong><em>Entre la plume et l\u2019enclume<\/em><\/strong><strong>\u00a0:<\/strong><\/span><\/p>\n<p style=\"text-align: center;\"><strong><em><a href=\"http:\/\/blog.lesgrossesorchadeslesamplesthalameges.fr\/wp-content\/uploads\/2020\/11\/000.-freccia-nera-piccola-xx-3.gif\"><img loading=\"lazy\" class=\"alignnone size-full wp-image-12558\" src=\"http:\/\/blog.lesgrossesorchadeslesamplesthalameges.fr\/wp-content\/uploads\/2020\/11\/000.-freccia-nera-piccola-xx-3.gif\" alt=\"\" width=\"46\" height=\"46\" \/><\/a><\/em><\/strong><\/p>\n<p style=\"text-align: center;\"><span style=\"font-family: times new roman, times, serif; font-size: 14pt;\"><a href=\"https:\/\/plumenclume.org\/blog\/623-symphonie-du-nouveau-monde\"><strong>https:\/\/plumenclume.org\/blog\/623-symphonie-du-nouveau-monde<\/strong><\/a><\/span><\/p>\n<p style=\"text-align: justify;\"><span style=\"font-family: times new roman, times, serif; font-size: 14pt;\"><strong>\u00a0<\/strong><\/span><\/p>\n<p>&nbsp;<\/p>\n<p style=\"text-align: justify;\"><span style=\"font-family: times new roman, times, serif; font-size: 14pt;\"><strong>\u00a0<\/strong><\/span><\/p>\n<p style=\"text-align: center;\"><span style=\"font-family: times new roman, times, serif; font-size: 14pt;\"><strong>\u00a0<em><a href=\"http:\/\/blog.lesgrossesorchadeslesamplesthalameges.fr\/wp-content\/uploads\/2020\/11\/CISEAUX-GIF.gif\"><img loading=\"lazy\" class=\"alignnone wp-image-12552\" src=\"http:\/\/blog.lesgrossesorchadeslesamplesthalameges.fr\/wp-content\/uploads\/2020\/11\/CISEAUX-GIF-300x142.gif\" alt=\"\" width=\"150\" height=\"71\" \/><\/a><\/em><\/strong><\/span><\/p>\n<p style=\"text-align: justify;\"><span style=\"font-family: times new roman, times, serif; font-size: 14pt;\"><strong>\u00a0<\/strong><\/span><\/p>\n<p style=\"text-align: justify;\"><span style=\"font-family: times new roman, times, serif; font-size: 14pt;\"><strong>\u00a0<\/strong><\/span><\/p>\n<p style=\"text-align: left;\"><span style=\"font-family: times new roman, times, serif; font-size: 24pt; color: #c00000;\"><strong><em>Et le COVID dans tout \u00e7a\u00a0? Euh\u2026<\/em><\/strong><\/span><\/p>\n<p>&nbsp;<\/p>\n<p>&nbsp;<\/p>\n<p style=\"text-align: center;\"><span style=\"font-family: times new roman, times, serif; font-size: 14pt;\"><strong><em>\u00a0<a href=\"http:\/\/blog.lesgrossesorchadeslesamplesthalameges.fr\/wp-content\/uploads\/2020\/11\/TOUS-MOURIR-GIF.gif\"><img loading=\"lazy\" class=\"alignnone wp-image-12566 size-full\" src=\"http:\/\/blog.lesgrossesorchadeslesamplesthalameges.fr\/wp-content\/uploads\/2020\/11\/TOUS-MOURIR-GIF.gif\" alt=\"\" width=\"650\" height=\"580\" \/><\/a><\/em><\/strong><\/span><\/p>\n<p style=\"text-align: justify;\"><span style=\"font-family: times new roman, times, serif; font-size: 14pt;\"><strong><em>\u00a0<\/em><\/strong><\/span><\/p>\n<p style=\"text-align: left;\"><span style=\"font-family: times new roman, times, serif; font-size: 14pt;\">Source\u00a0: <a href=\"https:\/\/www.egaliteetreconciliation.fr\/Les-dessins-de-la-semaine-61785.html\">E &amp; R \u2013 Dessins de la semaine.<\/a><\/span><\/p>\n<p>&nbsp;<\/p>\n<p>&nbsp;<\/p>\n<p>&nbsp;<\/p>\n<p style=\"text-align: center;\"><strong><em><a href=\"http:\/\/blog.lesgrossesorchadeslesamplesthalameges.fr\/wp-content\/uploads\/2020\/11\/CISEAUX-GIF.gif\"><img loading=\"lazy\" class=\"alignnone wp-image-12552\" src=\"http:\/\/blog.lesgrossesorchadeslesamplesthalameges.fr\/wp-content\/uploads\/2020\/11\/CISEAUX-GIF-300x142.gif\" alt=\"\" width=\"150\" height=\"71\" \/><\/a><\/em><\/strong><\/p>\n<p>&nbsp;<\/p>\n<p>&nbsp;<\/p>\n<p>&nbsp;<\/p>\n<p>&nbsp;<\/p>\n<p style=\"text-align: center;\"><a href=\"http:\/\/blog.lesgrossesorchadeslesamplesthalameges.fr\/wp-content\/uploads\/2020\/11\/TRUMP-FREE-RYSSEN.jpg\"><img loading=\"lazy\" class=\"alignnone wp-image-12567\" src=\"http:\/\/blog.lesgrossesorchadeslesamplesthalameges.fr\/wp-content\/uploads\/2020\/11\/TRUMP-FREE-RYSSEN-300x209.jpg\" alt=\"\" width=\"650\" height=\"452\" srcset=\"https:\/\/blog.lesgrossesorchadeslesamplesthalameges.fr\/wp-content\/uploads\/2020\/11\/TRUMP-FREE-RYSSEN-300x209.jpg 300w, https:\/\/blog.lesgrossesorchadeslesamplesthalameges.fr\/wp-content\/uploads\/2020\/11\/TRUMP-FREE-RYSSEN.jpg 600w\" sizes=\"(max-width: 650px) 100vw, 650px\" \/><\/a><\/p>\n<p>&nbsp;<\/p>\n<p>&nbsp;<\/p>\n<p>&nbsp;<\/p>\n<p>&nbsp;<\/p>\n<p style=\"text-align: right;\"><span style=\"font-family: comic sans ms, sans-serif; font-size: 14pt;\">Mis en ligne le 20.11.2020<\/span><\/p>\n<p>&nbsp;<\/p>\n<p>&nbsp;<\/p>\n","protected":false},"excerpt":{"rendered":"<p>&nbsp; &nbsp; &nbsp; &nbsp; &nbsp; &nbsp; Quand l\u2019Europe croule sous les \u00ab\u00a0bonnes\u00a0\u00bb nouvelles &nbsp; &nbsp; &nbsp; &nbsp; Biden, la propagande et la censure\u00a0: contr\u00f4le renforc\u00e9 de l\u2019opinion publique en vue \u00a0 Ben Norton \u2013 Entelekheia \u2013 20.11.2020 &nbsp; Paru sur Consortium News sous le titre ELECTION 2020: Biden Appointee Advocated Using Propaganda Against Americans et&#8230;<\/p>\n","protected":false},"author":1,"featured_media":0,"comment_status":"open","ping_status":"open","sticky":false,"template":"","format":"standard","meta":[],"categories":[1],"tags":[],"_links":{"self":[{"href":"https:\/\/blog.lesgrossesorchadeslesamplesthalameges.fr\/index.php\/wp-json\/wp\/v2\/posts\/12549"}],"collection":[{"href":"https:\/\/blog.lesgrossesorchadeslesamplesthalameges.fr\/index.php\/wp-json\/wp\/v2\/posts"}],"about":[{"href":"https:\/\/blog.lesgrossesorchadeslesamplesthalameges.fr\/index.php\/wp-json\/wp\/v2\/types\/post"}],"author":[{"embeddable":true,"href":"https:\/\/blog.lesgrossesorchadeslesamplesthalameges.fr\/index.php\/wp-json\/wp\/v2\/users\/1"}],"replies":[{"embeddable":true,"href":"https:\/\/blog.lesgrossesorchadeslesamplesthalameges.fr\/index.php\/wp-json\/wp\/v2\/comments?post=12549"}],"version-history":[{"count":16,"href":"https:\/\/blog.lesgrossesorchadeslesamplesthalameges.fr\/index.php\/wp-json\/wp\/v2\/posts\/12549\/revisions"}],"predecessor-version":[{"id":12584,"href":"https:\/\/blog.lesgrossesorchadeslesamplesthalameges.fr\/index.php\/wp-json\/wp\/v2\/posts\/12549\/revisions\/12584"}],"wp:attachment":[{"href":"https:\/\/blog.lesgrossesorchadeslesamplesthalameges.fr\/index.php\/wp-json\/wp\/v2\/media?parent=12549"}],"wp:term":[{"taxonomy":"category","embeddable":true,"href":"https:\/\/blog.lesgrossesorchadeslesamplesthalameges.fr\/index.php\/wp-json\/wp\/v2\/categories?post=12549"},{"taxonomy":"post_tag","embeddable":true,"href":"https:\/\/blog.lesgrossesorchadeslesamplesthalameges.fr\/index.php\/wp-json\/wp\/v2\/tags?post=12549"}],"curies":[{"name":"wp","href":"https:\/\/api.w.org\/{rel}","templated":true}]}}