{"id":22695,"date":"2023-05-09T16:34:30","date_gmt":"2023-05-09T14:34:30","guid":{"rendered":"http:\/\/blog.lesgrossesorchadeslesamplesthalameges.fr\/?p=22695"},"modified":"2023-05-09T17:16:09","modified_gmt":"2023-05-09T15:16:09","slug":"78e-anniversaire-dun-9-mai-historique","status":"publish","type":"post","link":"https:\/\/blog.lesgrossesorchadeslesamplesthalameges.fr\/index.php\/2023\/05\/09\/78e-anniversaire-dun-9-mai-historique\/","title":{"rendered":"78e Anniversaire d&rsquo;un 9 mai historique"},"content":{"rendered":"<p>&nbsp;<\/p>\n<p>&nbsp;<\/p>\n<p>&nbsp;<\/p>\n<p>&nbsp;<\/p>\n<p>&nbsp;<\/p>\n<p>&nbsp;<\/p>\n<p>&nbsp;<\/p>\n<p style=\"text-align: center;\"><a href=\"http:\/\/blog.lesgrossesorchadeslesamplesthalameges.fr\/index.php\/2023\/05\/09\/78e-anniversaire-dun-9-mai-historique\/shtandart-jpg\/\" rel=\"attachment wp-att-22697\"><img loading=\"lazy\" class=\"alignnone wp-image-22697 size-full\" src=\"http:\/\/blog.lesgrossesorchadeslesamplesthalameges.fr\/wp-content\/uploads\/2023\/05\/Shtandart-JPG.jpg\" alt=\"\" width=\"750\" height=\"511\" srcset=\"https:\/\/blog.lesgrossesorchadeslesamplesthalameges.fr\/wp-content\/uploads\/2023\/05\/Shtandart-JPG.jpg 750w, https:\/\/blog.lesgrossesorchadeslesamplesthalameges.fr\/wp-content\/uploads\/2023\/05\/Shtandart-JPG-300x204.jpg 300w\" sizes=\"(max-width: 750px) 100vw, 750px\" \/><\/a><\/p>\n<p style=\"text-align: right;\"><span style=\"font-family: times new roman, times, serif; font-size: 12pt;\"><strong><a href=\"https:\/\/www.chasse-maree.com\/actualites\/shtandart-la-fregate-russe-a-remonter-le-temps\/\">Shtandart<\/a><em><a href=\"https:\/\/www.chasse-maree.com\/actualites\/shtandart-la-fregate-russe-a-remonter-le-temps\/\">, la fr\u00e9gate \u00e0 remonter le temps<\/a><\/em><\/strong><\/span><\/p>\n<p style=\"text-align: justify;\"><span style=\"font-family: times new roman, times, serif; font-size: 14pt;\"><strong><em>\u00a0<\/em><\/strong><\/span><\/p>\n<p style=\"text-align: justify;\"><span style=\"font-family: times new roman, times, serif; font-size: 14pt;\"><strong><em>\u00a0<\/em><\/strong><\/span><\/p>\n<p>&nbsp;<\/p>\n<p style=\"text-align: center;\"><span style=\"font-family: times new roman, times, serif; font-size: 48pt; color: #c00000;\">78e Anniversaire<\/span><\/p>\n<p style=\"text-align: center;\"><span style=\"font-family: times new roman, times, serif; font-size: 48pt; color: #c00000;\">d\u2019un 9 mai historique<\/span><\/p>\n<p>&nbsp;<\/p>\n<p>&nbsp;<\/p>\n<p style=\"text-align: justify;\"><span style=\"font-family: comic sans ms, sans-serif; font-size: 14pt;\">Ce matin, \u00e0 10h00 \u2013 heure locale \u2013 s\u2019est d\u00e9roul\u00e9 \u00e0 Moscou le traditionnel d\u00e9fil\u00e9 militaire comm\u00e9morant la victoire de l\u2019Union Sovi\u00e9tique sur le nazisme de la Deuxi\u00e8me Guerre mondiale.<\/span><\/p>\n<p style=\"text-align: justify;\"><span style=\"font-family: comic sans ms, sans-serif; font-size: 14pt;\">En raison de la pr\u00e9\u00e9minence, en Europe notamment, du nazisme contemporain, tout ce qui n\u2019est pas sa voix y est censur\u00e9 sans vergogne et apparemment sans opposition.<\/span><\/p>\n<p style=\"text-align: justify;\"><span style=\"font-family: comic sans ms, sans-serif; font-size: 14pt;\">C\u2019est la raison pour laquelle il nous a fallu nous adresser \u00e0 un pays et nous connecter \u00e0 un organe de presse qui n\u2019ob\u00e9issent pas aux consignes et combattent les abus de pouvoir.<\/span><\/p>\n<p style=\"text-align: justify;\"><span style=\"font-family: comic sans ms, sans-serif; font-size: 14pt;\"><strong>Nos plus vifs remerciements \u00e0 Sputnik Afrique<\/strong>, gr\u00e2ce auquel nous avons pu suivre, en direct, cette manifestation devenue aussi traditionnelle pour nous que pour les Russes. Et nos remerciements tout particuliers aux journalistes pr\u00e9sentateurs qui s\u2019y sont succ\u00e9d\u00e9 : leur \u00e9locution fran\u00e7aise \u2013 d\u2019une clart\u00e9 dont on a perdu l\u2019habitude \u2013 nous a permis de suivre cette manifestation dans ses moindres d\u00e9tails et de ne pas perdre non plus un seul mot du discours qu\u2019a prononc\u00e9, sur la Place Rouge, \u00e0 l\u2019intention des siens, Vladimir Poutine.<\/span><\/p>\n<p>&nbsp;<\/p>\n<p>&nbsp;<\/p>\n<p>&nbsp;<\/p>\n<p>&nbsp;<\/p>\n<p style=\"text-align: center;\"><span style=\"font-family: times new roman, times, serif; font-size: 14pt;\"><iframe loading=\"lazy\" src=\"https:\/\/fr.sputniknews.africa\/services\/video\/embed\/1059126704-1059128217.html\" width=\"640\" height=\"360\" frameborder=\"0\" allowfullscreen=\"allowfullscreen\"><\/iframe><\/span><\/p>\n<p>&nbsp;<\/p>\n<p>&nbsp;<\/p>\n<p>&nbsp;<\/p>\n<p style=\"text-align: left;\"><span style=\"font-family: times new roman, times, serif; font-size: 14pt;\">Source : <a href=\"https:\/\/fr.sputniknews.africa\/20230509\/en-direct-defile-militaire-sur-la-place-rouge-pour-celebrer-le-jour-de-la-victoire-sur-le-nazisme-1059128217.html\">https:\/\/fr.sputniknews.africa\/20230509\/en-direct-defile-militaire-sur-la-place-rouge-pour-celebrer-le-jour-de-la-victoire-sur-le-nazisme-1059128217.html<\/a><\/span><\/p>\n<p>&nbsp;<\/p>\n<p>&nbsp;<\/p>\n<p style=\"text-align: center;\"><a href=\"http:\/\/blog.lesgrossesorchadeslesamplesthalameges.fr\/index.php\/2023\/05\/03\/comment-on-ecrit-lhistoire\/000-russep-x-41\/\" rel=\"attachment wp-att-22609\"><img loading=\"lazy\" class=\"alignnone size-full wp-image-22609\" src=\"http:\/\/blog.lesgrossesorchadeslesamplesthalameges.fr\/wp-content\/uploads\/2023\/05\/000.-russep-x.gif\" alt=\"\" width=\"50\" height=\"50\" \/><\/a><\/p>\n<p>&nbsp;<\/p>\n<p>&nbsp;<\/p>\n<p style=\"text-align: center;\"><span style=\"font-family: times new roman, times, serif; font-size: 14pt;\"><strong><span style=\"font-size: 36pt;\">Le R\u00e9giment Immortel de 2023 annul\u00e9<\/span> <\/strong><\/span><\/p>\n<p style=\"text-align: justify;\"><span style=\"font-family: times new roman, times, serif; font-size: 14pt;\"><strong><em>\u00a0<\/em><\/strong><\/span><\/p>\n<p>&nbsp;<\/p>\n<p style=\"text-align: justify;\"><span style=\"font-family: comic sans ms, sans-serif; font-size: 14pt;\">Comme on s\u2019y attendait, les autorit\u00e9s russes ont sagement d\u00e9cid\u00e9 d\u2019en annuler cette ann\u00e9e la manifestation publique, en raison des dangers r\u00e9els qu\u2019elle aurait fait courir \u00e0 leur population civile.<\/span><\/p>\n<p style=\"text-align: justify;\"><span style=\"font-family: comic sans ms, sans-serif; font-size: 14pt;\">Mme Bechet-Golovko, qu\u2019on a connu mieux inspir\u00e9e, <a href=\"https:\/\/russiepolitics.blogspot.com\/2023\/05\/la-russie-annule-de-regiment-immortel.html\">a fustig\u00e9 cette annulation<\/a> sur son site <em>Russie Politics<\/em>. <\/span><\/p>\n<p style=\"text-align: justify;\"><span style=\"font-family: comic sans ms, sans-serif; font-size: 14pt;\">Il lui aurait pourtant suffi d\u2019un petit saut en RDC pour pouvoir se joindre, la conscience en paix, aux manifestants de Kinshasa\u00a0:<\/span><\/p>\n<p>&nbsp;<\/p>\n<p>&nbsp;<\/p>\n<p style=\"text-align: center;\"><strong><span style=\"font-family: times new roman, times, serif; font-size: 36pt;\">En RDC, le R\u00e9giment immortel d\u00e9file pour comm\u00e9morer les h\u00e9ros de la Seconde Guerre mondiale<\/span><\/strong><\/p>\n<h1 style=\"text-align: justify;\"><\/h1>\n<p>&nbsp;<\/p>\n<p>&nbsp;<\/p>\n<h1 style=\"text-align: center;\"><a href=\"http:\/\/blog.lesgrossesorchadeslesamplesthalameges.fr\/index.php\/2023\/05\/09\/78e-anniversaire-dun-9-mai-historique\/manif-edc\/\" rel=\"attachment wp-att-22699\"><img loading=\"lazy\" class=\"alignnone wp-image-22699\" src=\"http:\/\/blog.lesgrossesorchadeslesamplesthalameges.fr\/wp-content\/uploads\/2023\/05\/Manif-EDC.jpg\" alt=\"\" width=\"600\" height=\"258\" srcset=\"https:\/\/blog.lesgrossesorchadeslesamplesthalameges.fr\/wp-content\/uploads\/2023\/05\/Manif-EDC.jpg 648w, https:\/\/blog.lesgrossesorchadeslesamplesthalameges.fr\/wp-content\/uploads\/2023\/05\/Manif-EDC-300x129.jpg 300w\" sizes=\"(max-width: 600px) 100vw, 600px\" \/><\/a><\/h1>\n<p>&nbsp;<\/p>\n<p>&nbsp;<\/p>\n<p style=\"text-align: justify;\"><span style=\"font-family: tahoma, arial, helvetica, sans-serif; font-size: 14pt;\"><strong>Une centaine de personnes ont d\u00e9fil\u00e9 dans les rues de la capitale de la R\u00e9publique d\u00e9mocratique du Congo pour comm\u00e9morer les Sovi\u00e9tiques ayant combattu lors la Seconde Guerre mondiale. La marche du R\u00e9giment immortel s&rsquo;est tenue en RDC pour la troisi\u00e8me fois.<\/strong><\/span><\/p>\n<p>&nbsp;<\/p>\n<p style=\"text-align: justify;\"><span style=\"font-family: times new roman, times, serif; font-size: 14pt;\">Le d\u00e9fil\u00e9 du R\u00e9giment immortel, qui comm\u00e9more les h\u00e9ros et les victimes de la Grande Guerre patriotique de 1941-45, la partie de la Seconde Guerre mondiale qui s&rsquo;est d\u00e9roul\u00e9e en Union sovi\u00e9tique, a \u00e9t\u00e9 organis\u00e9 le 1er mai en RDC.<\/span><\/p>\n<p style=\"text-align: justify;\"><span style=\"font-family: times new roman, times, serif; font-size: 14pt;\">Dans les rues de Kinshasa, la capitale de la R\u00e9publique D\u00e9mocratique du Congo, une centaine de personnes ont d\u00e9fil\u00e9, dont des Russes habitant dans le pays, des observateurs militaires et des policiers de la Mission des Nations unies pour la stabilisation en RDC (MONUSCO) ainsi que des Congolais sympathisant avec la Russie.<\/span><\/p>\n<p>&nbsp;<\/p>\n<p style=\"text-align: justify;\"><strong><span style=\"font-family: times new roman, times, serif; font-size: 18pt;\">Une tradition qui s&rsquo;enracine<\/span><\/strong><\/p>\n<p style=\"text-align: justify;\"><span style=\"font-family: times new roman, times, serif; font-size: 14pt;\">Il s&rsquo;agit de la troisi\u00e8me \u00e9dition congolaise de cette marche, organis\u00e9e chaque ann\u00e9e, d&rsquo;abord en Russie puis \u00e0 travers le monde, afin de se rem\u00e9morer les victimes tomb\u00e9es pendant la guerre. Les participants brandissent des portraits de leurs p\u00e8res, grands-p\u00e8res ou arri\u00e8re-grands-p\u00e8res ayant combattu dans les rangs de l&rsquo;Arm\u00e9e rouge. La tradition est n\u00e9e il y a une dizaine d&rsquo;ann\u00e9es, d&rsquo;abord comme une initiative locale int\u00e9gr\u00e9e ensuite dans les c\u00e9l\u00e9brations officielles.<\/span><\/p>\n<p style=\"text-align: justify;\"><span style=\"font-family: times new roman, times, serif; font-size: 14pt;\">Elle vient s&rsquo;ajouter \u00e0 la F\u00eate de la Victoire c\u00e9l\u00e9br\u00e9e en grande pompe depuis 1965 tous les ans le 9 mai, un jour f\u00e9ri\u00e9 en Russie. Cette guerre a co\u00fbt\u00e9 la vie \u00e0 plus de 26 millions de Sovi\u00e9tiques.<\/span><\/p>\n<p style=\"text-align: justify;\"><span style=\"font-family: times new roman, times, serif; font-size: 14pt;\">Cette ann\u00e9e, la marche a \u00e9t\u00e9 annul\u00e9e en Russie pour des raisons de s\u00e9curit\u00e9. Il a \u00e9t\u00e9 propos\u00e9 de comm\u00e9morer les h\u00e9ros de la guerre \u00ab\u00a0<a href=\"https:\/\/fr.sputniknews.africa\/20200509\/le-regiment-immortel-defile-via-internet-pour-le-75e-anniversaire-de-la-victoire-dans-la-seconde-1043750589.html\">dans d&rsquo;autres formats<\/a>\u00a0\u00bb.<\/span><\/p>\n<p>&nbsp;<\/p>\n<p style=\"text-align: left;\"><span style=\"font-family: times new roman, times, serif; font-size: 14pt;\">Source\u00a0:\u00a0 <a href=\"https:\/\/fr.sputniknews.africa\/2023\">https:\/\/fr.sputniknews.africa\/2023<\/a><\/span><\/p>\n<p>&nbsp;<\/p>\n<p>&nbsp;<\/p>\n<p style=\"text-align: center;\"><a href=\"http:\/\/blog.lesgrossesorchadeslesamplesthalameges.fr\/index.php\/2023\/05\/03\/comment-on-ecrit-lhistoire\/000-russep-x-41\/\" rel=\"attachment wp-att-22609\"><img loading=\"lazy\" class=\"alignnone size-full wp-image-22609\" src=\"http:\/\/blog.lesgrossesorchadeslesamplesthalameges.fr\/wp-content\/uploads\/2023\/05\/000.-russep-x.gif\" alt=\"\" width=\"50\" height=\"50\" \/><\/a><\/p>\n<p>&nbsp;<\/p>\n<p>&nbsp;<\/p>\n<p style=\"text-align: center;\"><span style=\"font-family: times new roman, times, serif; font-size: 36pt;\"><strong>Le drapeau rouge de la victoire en noir et blanc<br \/>\n<\/strong><\/span><\/p>\n<p>&nbsp;<\/p>\n<p>&nbsp;<\/p>\n<p style=\"text-align: center;\"><a href=\"http:\/\/blog.lesgrossesorchadeslesamplesthalameges.fr\/index.php\/2023\/05\/09\/78e-anniversaire-dun-9-mai-historique\/drapeau-sur-le-reichstag\/\" rel=\"attachment wp-att-22700\"><img loading=\"lazy\" class=\"alignnone wp-image-22700 size-full\" src=\"http:\/\/blog.lesgrossesorchadeslesamplesthalameges.fr\/wp-content\/uploads\/2023\/05\/Drapeau-sur-le-Reichstag.jpg\" alt=\"\" width=\"600\" height=\"398\" srcset=\"https:\/\/blog.lesgrossesorchadeslesamplesthalameges.fr\/wp-content\/uploads\/2023\/05\/Drapeau-sur-le-Reichstag.jpg 600w, https:\/\/blog.lesgrossesorchadeslesamplesthalameges.fr\/wp-content\/uploads\/2023\/05\/Drapeau-sur-le-Reichstag-300x199.jpg 300w\" sizes=\"(max-width: 600px) 100vw, 600px\" \/><\/a><\/p>\n<p>&nbsp;<\/p>\n<p>&nbsp;<\/p>\n<p style=\"text-align: justify;\"><span style=\"font-family: comic sans ms, sans-serif; font-size: 14pt;\">Il a \u00e9t\u00e9 plant\u00e9 le 2 mai 1945 sur le toit du Reichstag, par trois soldats de l\u2019Arm\u00e9e Rouge\u00a0: Alekse\u00ef Kovalev, Abdoulkhakim Isma\u00eflov, et L\u00e9onid Goritchev, l\u2019un plantant le drapeau au-dessus du vide, les deux autres lui tenant les pieds.<\/span><\/p>\n<p style=\"text-align: justify;\"><span style=\"font-family: comic sans ms, sans-serif; font-size: 14pt;\">Quand on descendra l&rsquo;\u00e9tendard pour l\u2019envoyer \u00e0 Moscou, on y inscrira quelque chose en l\u2019honneur de la 150<sup>e<\/sup> division d\u2019infanterie. C\u2019est lui qui a d\u00e9fil\u00e9 aujourd\u2019hui avec le drapeau tricolore de la F\u00e9d\u00e9ration de Russie.<\/span><\/p>\n<p>&nbsp;<\/p>\n<p>&nbsp;<\/p>\n<p style=\"text-align: center;\"><a href=\"http:\/\/blog.lesgrossesorchadeslesamplesthalameges.fr\/index.php\/2023\/05\/03\/comment-on-ecrit-lhistoire\/000-russep-x-41\/\" rel=\"attachment wp-att-22609\"><img loading=\"lazy\" class=\"alignnone size-full wp-image-22609\" src=\"http:\/\/blog.lesgrossesorchadeslesamplesthalameges.fr\/wp-content\/uploads\/2023\/05\/000.-russep-x.gif\" alt=\"\" width=\"50\" height=\"50\" \/><\/a><\/p>\n<p>&nbsp;<\/p>\n<p style=\"text-align: right;\"><span style=\"font-family: comic sans ms, sans-serif; font-size: 14pt;\">Mis en ligne le 9 mai 2023<\/span><\/p>\n<p>&nbsp;<\/p>\n<p>&nbsp;<\/p>\n","protected":false},"excerpt":{"rendered":"<p>&nbsp; &nbsp; &nbsp; &nbsp; &nbsp; &nbsp; &nbsp; Shtandart, la fr\u00e9gate \u00e0 remonter le temps \u00a0 \u00a0 &nbsp; 78e Anniversaire d\u2019un 9 mai historique &nbsp; &nbsp; Ce matin, \u00e0 10h00 \u2013 heure locale \u2013 s\u2019est d\u00e9roul\u00e9 \u00e0 Moscou le traditionnel d\u00e9fil\u00e9 militaire comm\u00e9morant la victoire de l\u2019Union Sovi\u00e9tique sur le nazisme de la Deuxi\u00e8me Guerre mondiale&#8230;.<\/p>\n","protected":false},"author":1,"featured_media":0,"comment_status":"open","ping_status":"open","sticky":false,"template":"","format":"standard","meta":[],"categories":[1],"tags":[],"_links":{"self":[{"href":"https:\/\/blog.lesgrossesorchadeslesamplesthalameges.fr\/index.php\/wp-json\/wp\/v2\/posts\/22695"}],"collection":[{"href":"https:\/\/blog.lesgrossesorchadeslesamplesthalameges.fr\/index.php\/wp-json\/wp\/v2\/posts"}],"about":[{"href":"https:\/\/blog.lesgrossesorchadeslesamplesthalameges.fr\/index.php\/wp-json\/wp\/v2\/types\/post"}],"author":[{"embeddable":true,"href":"https:\/\/blog.lesgrossesorchadeslesamplesthalameges.fr\/index.php\/wp-json\/wp\/v2\/users\/1"}],"replies":[{"embeddable":true,"href":"https:\/\/blog.lesgrossesorchadeslesamplesthalameges.fr\/index.php\/wp-json\/wp\/v2\/comments?post=22695"}],"version-history":[{"count":9,"href":"https:\/\/blog.lesgrossesorchadeslesamplesthalameges.fr\/index.php\/wp-json\/wp\/v2\/posts\/22695\/revisions"}],"predecessor-version":[{"id":22708,"href":"https:\/\/blog.lesgrossesorchadeslesamplesthalameges.fr\/index.php\/wp-json\/wp\/v2\/posts\/22695\/revisions\/22708"}],"wp:attachment":[{"href":"https:\/\/blog.lesgrossesorchadeslesamplesthalameges.fr\/index.php\/wp-json\/wp\/v2\/media?parent=22695"}],"wp:term":[{"taxonomy":"category","embeddable":true,"href":"https:\/\/blog.lesgrossesorchadeslesamplesthalameges.fr\/index.php\/wp-json\/wp\/v2\/categories?post=22695"},{"taxonomy":"post_tag","embeddable":true,"href":"https:\/\/blog.lesgrossesorchadeslesamplesthalameges.fr\/index.php\/wp-json\/wp\/v2\/tags?post=22695"}],"curies":[{"name":"wp","href":"https:\/\/api.w.org\/{rel}","templated":true}]}}