{"id":27164,"date":"2026-04-27T19:42:27","date_gmt":"2026-04-27T17:42:27","guid":{"rendered":"https:\/\/blog.lesgrossesorchadeslesamplesthalameges.fr\/?p=27164"},"modified":"2026-04-27T19:42:27","modified_gmt":"2026-04-27T17:42:27","slug":"nostalgie","status":"publish","type":"post","link":"https:\/\/blog.lesgrossesorchadeslesamplesthalameges.fr\/index.php\/2026\/04\/27\/nostalgie\/","title":{"rendered":"NOSTALGIE !"},"content":{"rendered":"<p>&nbsp;<\/p>\n<p>&nbsp;<\/p>\n<p>&nbsp;<\/p>\n<p>&nbsp;<\/p>\n<p>&nbsp;<\/p>\n<p>&nbsp;<\/p>\n<p style=\"text-align: center;\"><a href=\"https:\/\/blog.lesgrossesorchadeslesamplesthalameges.fr\/index.php\/2026\/04\/27\/nostalgie\/000-ormoue\/\" rel=\"attachment wp-att-27166\"><img loading=\"lazy\" class=\"alignnone wp-image-27166 size-full\" src=\"http:\/\/blog.lesgrossesorchadeslesamplesthalameges.fr\/wp-content\/uploads\/2026\/04\/000.-ORMOUE.jpg\" alt=\"\" width=\"750\" height=\"380\" srcset=\"https:\/\/blog.lesgrossesorchadeslesamplesthalameges.fr\/wp-content\/uploads\/2026\/04\/000.-ORMOUE.jpg 750w, https:\/\/blog.lesgrossesorchadeslesamplesthalameges.fr\/wp-content\/uploads\/2026\/04\/000.-ORMOUE-300x152.jpg 300w\" sizes=\"(max-width: 750px) 100vw, 750px\" \/><\/a><\/p>\n<p>&nbsp;<\/p>\n<p>&nbsp;<\/p>\n<p>&nbsp;<\/p>\n<p style=\"text-align: center;\"><span style=\"font-family: times new roman, times, serif; font-size: 48pt;\">NOSTALGIE !<\/span><\/p>\n<p>&nbsp;<\/p>\n<p style=\"text-align: center;\"><span style=\"font-family: times new roman, times, serif; font-size: 36pt;\"><em>&#8230;sur une sc\u00e8ne de th\u00e9\u00e2tre new-yorkaise !<\/em><\/span><\/p>\n<p>&nbsp;<\/p>\n<p>&nbsp;<\/p>\n<p style=\"text-align: center;\"><a href=\"https:\/\/blog.lesgrossesorchadeslesamplesthalameges.fr\/index.php\/2026\/04\/27\/nostalgie\/1-atlas-a-la-mama\/\" rel=\"attachment wp-att-27167\"><img loading=\"lazy\" class=\"alignnone wp-image-27167 size-full\" src=\"http:\/\/blog.lesgrossesorchadeslesamplesthalameges.fr\/wp-content\/uploads\/2026\/04\/1..-ATLAS-a-la-Mama.jpg\" alt=\"\" width=\"700\" height=\"475\" srcset=\"https:\/\/blog.lesgrossesorchadeslesamplesthalameges.fr\/wp-content\/uploads\/2026\/04\/1..-ATLAS-a-la-Mama.jpg 700w, https:\/\/blog.lesgrossesorchadeslesamplesthalameges.fr\/wp-content\/uploads\/2026\/04\/1..-ATLAS-a-la-Mama-300x204.jpg 300w\" sizes=\"(max-width: 700px) 100vw, 700px\" \/><\/a><\/p>\n<p>&nbsp;<\/p>\n<p>&nbsp;<\/p>\n<p style=\"text-align: justify;\"><span style=\"font-family: comic sans ms, sans-serif; font-size: 14pt;\">La sc\u00e8ne est celle du c\u00e9l\u00e8bre <a href=\"https:\/\/en.wikipedia.org\/wiki\/La_MaMa_Experimental_Theatre_Club\">th\u00e9\u00e2tre <em>La Mama<\/em><\/a>, \u00e0 Greenwich Village, New York.<\/span><\/p>\n<p style=\"text-align: justify;\"><span style=\"font-family: comic sans ms, sans-serif; font-size: 14pt;\">Et le jeune soixante-huitard boucl\u00e9 dont la photo appara\u00eet en grand dans le d\u00e9cor est Jean-Louis Lippert, alias Anatole Atlas, qui se rendit c\u00e9l\u00e8bre \u00e0 l\u2019\u00e9poque en admonestant imp\u00e9tueusement Jacques Lacan venu donner une conf\u00e9rence \u00e0 l\u2019Universit\u00e9 Libre de Bruxelles (ULB), d\u2019o\u00f9 il s\u2019ensuivit un \u00e9change de vues \u00e0 chaud entre le philosophe et l\u2019\u00e9tudiant contestataire, qui fut film\u00e9 par une cam\u00e9ra de la RTB.<\/span><\/p>\n<p style=\"text-align: justify;\"><span style=\"font-family: comic sans ms, sans-serif; font-size: 14pt;\">C\u2019est apparemment cet \u00e9pisode qui doit \u00eatre rappel\u00e9 dans le spectacle que vient de produire <a href=\"https:\/\/esprit.presse.fr\/actualites\/dick-howard\/le-theatre-la-mama-a-new-york-un-lieu-magique-44799\"><em>La Mama<\/em><\/a>.<\/span><\/p>\n<p style=\"text-align: justify;\"><span style=\"font-family: comic sans ms, sans-serif; font-size: 14pt;\"><em>\u00a0<\/em><\/span><\/p>\n<p>&nbsp;<\/p>\n<p style=\"text-align: justify;\"><span style=\"font-family: times new roman, times, serif; font-size: 14pt;\"><strong><em>Anatole !!!!<\/em><\/strong><\/span><\/p>\n<p style=\"text-align: justify;\"><span style=\"font-family: times new roman, times, serif; font-size: 14pt;\"><em>J\u2019allais t\u2019\u00e9crire demain, mais apr\u00e8s avoir enfin rattrap\u00e9 mon sommeil (10 heures aujourd\u2019hui !), je n\u2019ai pas pu attendre.<\/em><\/span><\/p>\n<p style=\"text-align: justify;\"><span style=\"font-family: times new roman, times, serif; font-size: 14pt;\"><em>J\u2019ai termin\u00e9 la s\u00e9rie dimanche soir et je suis retourn\u00e9e enseigner d\u00e8s lundi matin. Et l\u00e0\u2026 je manque encore de mots pour d\u00e9crire cette semaine de repr\u00e9sentations \u00e0 La MaMa.<\/em><\/span><\/p>\n<p style=\"text-align: justify;\"><span style=\"font-family: times new roman, times, serif; font-size: 14pt;\"><em>Nous avons jou\u00e9 \u00e0 guichets ferm\u00e9s, chaque soir complet. Le public restait longtemps apr\u00e8s les spectacles pour \u00e9changer avec nous\u2014les gens \u00e9taient profond\u00e9ment touch\u00e9s par le travail. La distribution interg\u00e9n\u00e9rationnelle (10 interpr\u00e8tes, de 25 \u00e0 92 ans !) et les trois designers ont cr\u00e9\u00e9 quelque chose de vraiment singulier\u2014en particulier le cin\u00e9aste, qui a construit toute cette narration visuelle incroyable, avec des images de nous au lac et \u00e0 l\u2019oc\u00e9an.<\/em><\/span><\/p>\n<p style=\"text-align: justify;\"><span style=\"font-family: times new roman, times, serif; font-size: 14pt;\"><em>Environ 180 personnes sur les quatre soirs, et 50 \u00e0 la r\u00e9p\u00e9tition g\u00e9n\u00e9rale. Beaucoup souhaitent nous aider \u00e0 trouver un autre lieu pour reprendre la pi\u00e8ce \u2014 je vais donc commencer \u00e0 \u00e9crire \u00e0 tout le monde pour organiser une nouvelle s\u00e9rie. Peut-\u00eatre m\u00eame des festivals en Europe !<\/em><\/span><\/p>\n<p style=\"text-align: justify;\"><span style=\"font-family: times new roman, times, serif; font-size: 14pt;\"><em>Tu \u00e9tais tr\u00e8s pr\u00e9sent dans l\u2019\u0153uvre, comme une figure utopique d\u2019une force r\u00e9volutionnaire. Cela a \u00e9norm\u00e9ment provoqu\u00e9 et stimul\u00e9 les spectateurs. Le film avec Lacan, ainsi que de nombreuses images de Mai 68 et d\u2019autres mouvements de masse, \u00e9taient tiss\u00e9s dans l\u2019univers de la pi\u00e8ce \u2014 y compris Zabriskie Point, le grand film d\u2019Antonioni sur Berkeley et le mouvement \u00e9tudiant de 68.<\/em><\/span><\/p>\n<p style=\"text-align: justify;\"><span style=\"font-family: times new roman, times, serif; font-size: 14pt;\"><em>Beaucoup de jeunes sont venus, et nous terminions par une grande f\u00eate dans\u00e9e, \u00e0 laquelle le public nous rejoignait sur sc\u00e8ne.<\/em><\/span><\/p>\n<p style=\"text-align: justify;\"><span style=\"font-family: times new roman, times, serif; font-size: 14pt;\"><em>Je crois que les gens ont \u00e9t\u00e9 surpris de voir une \u0153uvre qui appelle r\u00e9ellement \u00e0 la transformation et au changement. Et \u00e0 la fin, puisque nous ne pouvons pas proposer aujourd\u2019hui une formule pour la r\u00e9volution\u2014sinon un changement de conscience face au monde oppressif et fascisant dans lequel nous vivons \u2014 nous avons dans\u00e9 ensemble.<\/em><\/span><\/p>\n<p style=\"text-align: justify;\"><span style=\"font-family: times new roman, times, serif; font-size: 14pt;\"><em>Ce fut un succ\u00e8s absolument incroyable.<\/em><\/span><\/p>\n<p style=\"text-align: justify;\"><span style=\"font-family: times new roman, times, serif; font-size: 14pt;\"><em>Et je n\u2019aurais jamais pu le faire sans ta pr\u00e9sence, ton accompagnement et la t\u00e9nacit\u00e9 de tes id\u00e9es. La prochaine fois, tu seras l\u00e0.<\/em><\/span><\/p>\n<p style=\"text-align: justify;\"><span style=\"font-family: times new roman, times, serif; font-size: 14pt;\"><em>Quand le film du spectacle sera pr\u00eat (la biblioth\u00e8que des arts de la sc\u00e8ne du Lincoln Center a r\u00e9alis\u00e9 une captation \u00e0 trois cam\u00e9ras samedi), je t\u2019enverrai le lien.\u00a0<\/em><\/span><\/p>\n<p style=\"text-align: justify;\"><span style=\"font-family: times new roman, times, serif; font-size: 14pt;\"><em>More very soon ! I am sooooo tired still it was a marathon <\/em><em>\ud83d\udcaa\ud83c\udffe\ud83d\udcaa\ud83c\udffe\ud83d\udcaa\ud83c\udffe\ud83d\udcaa\ud83c\udffe.<\/em><\/span><\/p>\n<p style=\"text-align: justify;\"><span style=\"font-family: times new roman, times, serif; font-size: 14pt;\"><em>Pat<\/em><\/span><\/p>\n<p style=\"text-align: justify;\"><span style=\"font-family: times new roman, times, serif; font-size: 14pt;\"><em>\u00a0<\/em><\/span><\/p>\n<p style=\"text-align: justify;\"><span style=\"font-family: times new roman, times, serif; font-size: 14pt;\">Source\u00a0:<\/span><\/p>\n<p style=\"text-align: center;\"><span style=\"font-family: times new roman, times, serif; font-size: 14pt;\"><strong><a href=\"https:\/\/blog.lesgrossesorchadeslesamplesthalameges.fr\/index.php\/2026\/04\/27\/nostalgie\/2-mamiwata\/\" rel=\"attachment wp-att-27168\"><img loading=\"lazy\" class=\"alignnone wp-image-27168 size-full\" src=\"http:\/\/blog.lesgrossesorchadeslesamplesthalameges.fr\/wp-content\/uploads\/2026\/04\/2.-Mamiwata.png\" alt=\"\" width=\"100\" height=\"284\" \/><\/a><\/strong><\/span><\/p>\n<p style=\"text-align: center;\"><span style=\"font-family: times new roman, times, serif; font-size: 14pt;\"><a href=\"http:\/\/www.spherisme.be\/\">www.spherisme.be<\/a><\/span><\/p>\n<p>&nbsp;<\/p>\n<p>&nbsp;<\/p>\n<p style=\"text-align: justify;\"><span style=\"font-family: comic sans ms, sans-serif; font-size: 14pt;\">Ce n\u2019est pas la premi\u00e8re fois que cet \u00e9v\u00e9nement belgeois est c\u00e9l\u00e9br\u00e9 de l\u2019autre c\u00f4t\u00e9 de l\u2019Atlantique.<\/span><\/p>\n<p style=\"text-align: justify;\"><span style=\"font-family: comic sans ms, sans-serif; font-size: 14pt;\">Il y a quelque\u00a0 ann\u00e9es d\u2019ici (peu), un jeune doctorant chilien lui a m\u00eame consacr\u00e9 une th\u00e8se.<\/span><\/p>\n<p style=\"text-align: justify;\"><span style=\"font-family: comic sans ms, sans-serif; font-size: 14pt;\">Qu\u2019ont fait les deux universit\u00e9s de Santiago ? Elles ont invit\u00e9 le h\u00e9ros de l\u2019histoire \u00e0 une conf\u00e9rence organis\u00e9e pour marquer la sortie du livre qu&rsquo;on en avait tir\u00e9.<\/span><\/p>\n<p style=\"text-align: justify;\"><span style=\"font-family: comic sans ms, sans-serif; font-size: 14pt;\">Nous nous sommes alors faits l\u2019\u00e9cho d\u2019une des rares histoires belges ignor\u00e9es de Coluche, \u00e0 savoir que (on ne s\u2019enrichit pas toujours dans les r\u00e9volutions) Anatole Atlass, n\u2019avait pas les moyens de se payer un billet d\u2019avion pour s\u2019y rendre. Devenu au fil des ans le plus int\u00e9ressant des \u00e9crivains belges de sa g\u00e9n\u00e9ration sinon le seul, il a sollicit\u00e9 l\u2019aide du minist\u00e8re de la Culture dont il d\u00e9pendait. Qui ne s\u2019est m\u00eame pas donn\u00e9 la peine de l\u2019envoyer se faire foutre. Quil ne lui a tout simplement pas r\u00e9pondu.<\/span><\/p>\n<p style=\"text-align: justify;\"><span style=\"font-family: comic sans ms, sans-serif; font-size: 14pt;\">Car, entretemps, tout ce qui \u00e9tait cultureux en Belgique officielle \u2013 ULB incluse, h\u00e9las\u00a0! \u00a0\u2013 s\u2019\u00e9tait engouffr\u00e9 avec d\u00e9lices dans ce que Dimitri Medvedev appelle \u00ab\u00a0l\u2019imb\u00e9cile Union Europ\u00e9enne\u00a0\u00bb (voir notre pr\u00e9c\u00e9dent <em>post<\/em>). Pour la petite histoire, c\u2019est un groupe d\u2019intellectuels bruxellois si\u00e9geant \u00e0 Paris qui a <em>crowdfund\u00e9<\/em> le billet d\u2019avion d\u2019Anatole pour Santiago, d\u2019o\u00f9 il est revenu avec un drapeau, cadeau des combattants Mapuche.<\/span><\/p>\n<p>&nbsp;<\/p>\n<p style=\"text-align: center;\"><span style=\"font-family: comic sans ms, sans-serif; font-size: 14pt;\">\u00a0\u00a0\u00a0\u00a0\u00a0\u00a0<a href=\"https:\/\/blog.lesgrossesorchadeslesamplesthalameges.fr\/index.php\/2026\/04\/24\/etre-ou-ne-pas-etre-dictateur\/000-russep-x-84\/\" rel=\"attachment wp-att-27143\"><img loading=\"lazy\" class=\"alignnone size-full wp-image-27143\" src=\"http:\/\/blog.lesgrossesorchadeslesamplesthalameges.fr\/wp-content\/uploads\/2026\/04\/000.-russep-x.gif\" alt=\"\" width=\"50\" height=\"50\" \/><\/a><\/span><\/p>\n<p>&nbsp;<\/p>\n<p style=\"text-align: justify;\"><span style=\"font-family: comic sans ms, sans-serif; font-size: 14pt;\">On dira ce qu\u2019on voudra, mais les contestataires et les contest\u00e9s \u00e9taient quand m\u00eame plus civilis\u00e9s en 1968.<\/span><\/p>\n<p style=\"text-align: justify;\"><span style=\"font-family: comic sans ms, sans-serif; font-size: 14pt;\">Nous en f\u00fbmes et ne sommes pas trop fiers de nous \u00eatre fait avoir dans une des toutes premi\u00e8res r\u00e9volutions color\u00e9es.<\/span><\/p>\n<p style=\"text-align: justify;\"><span style=\"font-family: comic sans ms, sans-serif; font-size: 14pt;\">Certes, le g\u00e9n\u00e9ral avait des choses \u00e0 se reprocher (sur le plan int\u00e9rieur, envers les Fran\u00e7ais notamment). Mais tous les hommes d\u2019\u00c9tat ont des choses \u00e0 se reprocher selon leurs contestataires (voyez Vladimir Poutine). Sauf un seul, Fidel Castro, qui a toujours su tenir d\u2019une main ferme les r\u00eanes de ses deux chevaux de Platon : la politique int\u00e9rieure et celle \u00e0 l\u2019international. Particularit\u00e9 extr\u00eamement rare qu\u2019a peut-\u00eatre partag\u00e9 Mao\u2026<\/span><\/p>\n<p style=\"text-align: justify;\"><span style=\"font-family: comic sans ms, sans-serif; font-size: 14pt;\">Mais la fausse r\u00e9volution atlanticiste charg\u00e9e de faire tomber Charles De Gaulle ne fut pourtant pas la premi\u00e8re. Et puisque nous sommes en Belgique\u2026 c\u2019est probablement l\u00e0 qu\u2019elle a eu lieu lorsque, en 1951, une insurrection pseudo-populaire a fait d\u00e9gringoler de son tr\u00f4ne le roi Leopold III, pr\u00e9tendu \u2013 et cru \u2013 collabo, pour cause de remariage pendant la guerre, alors qu\u2019il se disait et se croyait sans doute prisonnier \u00ab comme ses soldats \u00bb des occupants nazis.<\/span><\/p>\n<p style=\"text-align: justify;\"><span style=\"font-family: comic sans ms, sans-serif; font-size: 14pt;\">D\u2019aucuns pr\u00e9tendent qu\u2019il se serait oppos\u00e9 d\u00e8s 1940, en refusant de se r\u00e9fugier \u00e0 Londres, \u00e0 la particratie qu\u2019il aurait \u00e9t\u00e9 le premier \u00e0 sentir venir, toute-puissante aujourd&rsquo;hui dans l&rsquo;Europe enti\u00e8re, qui fait de la Belgique (mais pas que d&rsquo;elle seule) la loque qu\u2019elle est devenue.<\/span><\/p>\n<p style=\"text-align: justify;\"><span style=\"font-family: comic sans ms, sans-serif; font-size: 14pt;\">Nous sommes-nous d\u00e9j\u00e0 fait avoir, alors\u00a0? Nous \u00e9tions trop jeunes, mais nos parents\u00a0?<\/span><\/p>\n<p style=\"text-align: justify;\"><span style=\"font-family: comic sans ms, sans-serif; font-size: 14pt;\">Quoi qu\u2019il en soit, Leopold III a \u00e9t\u00e9 \u00ab par la rue \u00bb forc\u00e9 d\u2019abdiquer en faveur de son fils a\u00een\u00e9, Baudoin Ier, \u00e9l\u00e8ve et disciple du g\u00e9n\u00e9ral Franco. Dans l\u2019all\u00e9gresse g\u00e9n\u00e9rale.\u00a0\u00a0<\/span><\/p>\n<p style=\"text-align: justify;\"><span style=\"font-family: comic sans ms, sans-serif; font-size: 14pt;\"><strong><em>\u00a0<\/em><\/strong><\/span><\/p>\n<p>&nbsp;<\/p>\n<p style=\"text-align: center;\"><strong><em><a href=\"https:\/\/blog.lesgrossesorchadeslesamplesthalameges.fr\/index.php\/2026\/04\/24\/etre-ou-ne-pas-etre-dictateur\/000-russep-x-84\/\" rel=\"attachment wp-att-27143\"><img loading=\"lazy\" class=\"alignnone size-full wp-image-27143\" src=\"http:\/\/blog.lesgrossesorchadeslesamplesthalameges.fr\/wp-content\/uploads\/2026\/04\/000.-russep-x.gif\" alt=\"\" width=\"50\" height=\"50\" \/><\/a><\/em><\/strong><\/p>\n<p>&nbsp;<\/p>\n<p>&nbsp;<\/p>\n<p style=\"text-align: justify;\"><span style=\"font-family: times new roman, times, serif; font-size: 14pt;\"><strong><em><span style=\"font-size: 18pt;\">Pendant qu\u2019on y est\u00a0:<\/span><\/em><\/strong><\/span><\/p>\n<p>&nbsp;<\/p>\n<p style=\"text-align: center;\"><span style=\"font-family: times new roman, times, serif; font-size: 36pt;\"><strong><em>UN LIVRE<\/em><\/strong><\/span><\/p>\n<p style=\"text-align: justify;\"><span style=\"font-family: times new roman, times, serif; font-size: 14pt;\"><strong><em>\u00a0<\/em><\/strong><\/span><\/p>\n<p style=\"text-align: center;\"><span style=\"font-family: times new roman, times, serif; font-size: 14pt;\"><strong><em>\u00a0<\/em><\/strong><\/span><\/p>\n<p style=\"text-align: justify;\"><span style=\"font-family: times new roman, times, serif; font-size: 14pt;\"><strong><em> <a href=\"https:\/\/blog.lesgrossesorchadeslesamplesthalameges.fr\/index.php\/2026\/04\/27\/nostalgie\/3-couverture-mamiwata\/\" rel=\"attachment wp-att-27170\"><img loading=\"lazy\" class=\"alignnone wp-image-27170 size-full\" src=\"http:\/\/blog.lesgrossesorchadeslesamplesthalameges.fr\/wp-content\/uploads\/2026\/04\/3.-COUVERTURE-MAMIWATA.jpg\" alt=\"\" width=\"300\" height=\"451\" srcset=\"https:\/\/blog.lesgrossesorchadeslesamplesthalameges.fr\/wp-content\/uploads\/2026\/04\/3.-COUVERTURE-MAMIWATA.jpg 300w, https:\/\/blog.lesgrossesorchadeslesamplesthalameges.fr\/wp-content\/uploads\/2026\/04\/3.-COUVERTURE-MAMIWATA-200x300.jpg 200w\" sizes=\"(max-width: 300px) 100vw, 300px\" \/><\/a><\/em><\/strong><\/span><\/p>\n<p style=\"text-align: justify;\"><span style=\"font-family: times new roman, times, serif; font-size: 12pt;\"><strong>Jean-Louis Lippert<\/strong><\/span><\/p>\n<p style=\"text-align: justify;\"><span style=\"font-family: times new roman, times, serif; font-size: 12pt;\"><strong><em>MAMIWATA<\/em><\/strong><\/span><\/p>\n<p><span style=\"font-family: times new roman, times, serif; font-size: 12pt;\">Edera \u00e9sition, 2025.\u00a0<\/span><\/p>\n<p><span style=\"font-family: times new roman, times, serif; font-size: 12pt;\">526 pages<\/span><\/p>\n<p style=\"text-align: justify; padding-left: 200px;\"><span style=\"font-family: times new roman, times, serif; font-size: 12pt;\">Ici les acteurs effacent l&rsquo;auteur. Ici les cr\u00e9atures, niant leur cr\u00e9ateur, acc\u00e8dent \u00e0 la cr\u00e9ation. Une histoire ici se dit dans le regard de ses protagonistes. Leurs voix surgissent, \u00e9clair\u00e9es l&rsquo;une par l&rsquo;autre. Ici la sc\u00e8ne est une plan\u00e8te, anim\u00e9e d&rsquo;autant d&rsquo;univers qu&rsquo;elle contient d&rsquo;\u00eatres, et le cosmos de chaque lecteur gravite autour comme un satellite Panoptic. Ici l&rsquo;h\u00e9ro\u00efne est une chim\u00e8re et l&rsquo;histoire &#8211; l&rsquo;Histoire\u2009! &#8211; n&rsquo;est peut-\u00eatre qu&rsquo;une hallucination n\u00e9e du chant de cette sir\u00e8ne. Comme la musique est vibration du silence entre deux notes, la voix de Mamiwata se fait entendre dans le vide entre les mots de tous les personnages. Car l&rsquo;hypnose programm\u00e9e ne peut imposer silence au chant d&rsquo;une sir\u00e8ne sur le fleuve Congo. Elle est le n\u00e9gatif, la face cach\u00e9e, la bouche d&rsquo;ombre oubli\u00e9e de Dieu. (Anatole Atlas) Jean-Louis Lippert (n\u00e9 en 1951) serait une figure majeure de la litt\u00e9rature belge de langue fran\u00e7aise s&rsquo;il en faisait partie. Refusant les strat\u00e9gies et les discours du microcosme litt\u00e9raire, il tire de son histoire personnelle, qui l&rsquo;a fait na\u00eetre en Afrique une d\u00e9cennie avant l&rsquo;ind\u00e9pendance du Congo et l&rsquo;assassinat de Lumumba, une partie de la mati\u00e8re de ses r\u00e9cits, sur laquelle se greffe une critique radicale de la soci\u00e9t\u00e9 de consommation et du monde postmoderne. Partag\u00e9 entre deux continents et deux cultures, il replace la probl\u00e9matique belge dans une perspective critique et historique longtemps occult\u00e9e. Il \u00e9crit aussi sous les h\u00e9t\u00e9ronymes d&rsquo;Anatole Atlas et de Juan Luis de Loyola.<\/span><\/p>\n<p>&nbsp;<\/p>\n<p style=\"text-align: justify;\"><span style=\"font-family: times new roman, times, serif; font-size: 14pt;\"><span style=\"font-family: comic sans ms, sans-serif;\">Pour ceux qui l\u2019ignorent, la sir\u00e8ne Mamiwata est la d\u00e9esse-m\u00e8re du fleuve Congo<\/span>.<\/span><\/p>\n<p>&nbsp;<\/p>\n<p>&nbsp;<\/p>\n<p style=\"text-align: center;\"><strong><em><a href=\"https:\/\/blog.lesgrossesorchadeslesamplesthalameges.fr\/index.php\/2026\/04\/24\/etre-ou-ne-pas-etre-dictateur\/000-russep-x-84\/\" rel=\"attachment wp-att-27143\"><img loading=\"lazy\" class=\"alignnone size-full wp-image-27143\" src=\"http:\/\/blog.lesgrossesorchadeslesamplesthalameges.fr\/wp-content\/uploads\/2026\/04\/000.-russep-x.gif\" alt=\"\" width=\"50\" height=\"50\" \/><\/a><\/em><\/strong><\/p>\n<p>&nbsp;<\/p>\n<p style=\"text-align: center;\"><span style=\"font-family: times new roman, times, serif; font-size: 48pt;\">Actualit\u00e9<\/span><\/p>\n<p>&nbsp;<\/p>\n<p style=\"text-align: justify;\"><span style=\"font-family: comic sans ms, sans-serif; font-size: 14pt;\">Pendant que des acteurs de 16 \u00e0 92 ans faisaient de leur mieux sur une sc\u00e8ne new yorkaise pour se rendre utiles \u00e0 leurs semblables, d\u2019autres \u00ab\u00a0acteurs\u00a0\u00bb faisaient l\u2019actualit\u00e9 \u00e0 Washington DC\u00a0:<\/span><\/p>\n<p style=\"text-align: justify;\"><span style=\"font-family: comic sans ms, sans-serif; font-size: 14pt;\">La Maison Blanche donnait une sauterie pour les repr\u00e9sentants de la presse accr\u00e9dit\u00e9e, laquelle fut interrompue \u2013 \u00f4 surprise\u00a0! \u2013 par des coups de feu.<\/span><\/p>\n<p>&nbsp;<\/p>\n<p style=\"text-align: center;\"><span style=\"font-family: times new roman, times, serif; font-size: 36pt;\"><strong>Cole Tomas Allen identifi\u00e9 comme le suspect dans la fusillade survenue lors du d\u00eener des correspondants de la Maison Blanche<\/strong><\/span><\/p>\n<p style=\"text-align: justify;\"><span style=\"font-family: times new roman, times, serif; font-size: 14pt;\"><strong>\u00a0<\/strong><\/span><\/p>\n<p style=\"text-align: center;\"><span style=\"font-family: times new roman, times, serif; font-size: 18pt;\"><strong>Tyler Durden\u00a0 \u2013\u00a0 <em>Zero Hedge<\/em> \u2013 Sunday, Apr 26, 2026 &#8211; 02:59 AM<\/strong><\/span><\/p>\n<p style=\"text-align: justify;\"><span style=\"font-family: times new roman, times, serif; font-size: 14pt;\"><strong><em>\u00a0<\/em><\/strong><\/span><\/p>\n<ul style=\"text-align: justify;\">\n<li><span style=\"font-family: times new roman, times, serif; font-size: 14pt;\">Le tireur a \u00e9t\u00e9 appr\u00e9hend\u00e9 et plac\u00e9 en garde \u00e0 vue. Il \u00e9tait en possession d&rsquo;un fusil de chasse, d&rsquo;un pistolet et de plusieurs couteaux.<\/span><\/li>\n<\/ul>\n<ul style=\"text-align: justify;\">\n<li><span style=\"font-family: times new roman, times, serif; font-size: 14pt;\">Il \u00e9t\u00e9 identifi\u00e9 comme \u00e9tant Cole Tomas Allen, 31 ans, originaire de Torrance, en Californie.<\/span><\/li>\n<\/ul>\n<ul style=\"text-align: justify;\">\n<li><span style=\"font-family: times new roman, times, serif; font-size: 14pt;\">Ni M. Trump ni aucun invit\u00e9 n&rsquo;ont \u00e9t\u00e9 bless\u00e9s.<\/span><\/li>\n<\/ul>\n<ul style=\"text-align: justify;\">\n<li><span style=\"font-family: times new roman, times, serif; font-size: 14pt;\">L&rsquo;incident s&rsquo;est produit pr\u00e8s du portique de d\u00e9tection de m\u00e9taux situ\u00e9 dans le hall d&rsquo;entr\u00e9e.<\/span><\/li>\n<li><span style=\"font-family: times new roman, times, serif; font-size: 14pt;\">Trump a salu\u00e9 la rapidit\u00e9 d&rsquo;intervention des services secrets.<\/span><\/li>\n<\/ul>\n<p>&nbsp;<\/p>\n<p style=\"text-align: justify;\"><span style=\"font-family: times new roman, times, serif; font-size: 14pt;\">Le pr\u00e9sident Donald Trump a \u00e9t\u00e9 \u00e9vacu\u00e9 de la table d&rsquo;honneur lors du d\u00eener des correspondants de la Maison Blanche samedi soir apr\u00e8s qu&rsquo;un homme arm\u00e9, qui serait Cole Thomas Allen, 31 ans, originaire de Californie, a fait irruption dans la salle et tir\u00e9 plusieurs coups de feu dans le hall. Les autorit\u00e9s confirment que le tireur pr\u00e9sum\u00e9 a \u00e9t\u00e9 appr\u00e9hend\u00e9 et se trouve en garde \u00e0 vue apr\u00e8s avoir tir\u00e9 pr\u00e8s de la zone de contr\u00f4le du hall d&rsquo;entr\u00e9e. Le pr\u00e9sident Trump, la Premi\u00e8re dame Melania Trump, le vice-pr\u00e9sident J. D. Vance et les autres personnes sous protection ont \u00e9t\u00e9 \u00e9vacu\u00e9es en toute s\u00e9curit\u00e9 et aucun bless\u00e9 n&rsquo;est \u00e0 d\u00e9plorer. Les services secrets poursuivent leur enqu\u00eate.<\/span><\/p>\n<p style=\"text-align: justify;\"><span style=\"font-family: times new roman, times, serif; font-size: 14pt;\">Trump a publi\u00e9 une photo du suspect sur <em>Truth Social<\/em>, accompagn\u00e9e d&rsquo;une vid\u00e9o :<\/span><\/p>\n<p>&nbsp;<\/p>\n<p>&nbsp;<\/p>\n<p style=\"text-align: center;\"><a href=\"https:\/\/blog.lesgrossesorchadeslesamplesthalameges.fr\/index.php\/2026\/04\/27\/nostalgie\/4-le-tireur-maladroit\/\" rel=\"attachment wp-att-27171\"><img loading=\"lazy\" class=\"alignnone wp-image-27171 size-full\" src=\"http:\/\/blog.lesgrossesorchadeslesamplesthalameges.fr\/wp-content\/uploads\/2026\/04\/4.-Le-tireur-maladroit.jpg\" alt=\"\" width=\"500\" height=\"375\" srcset=\"https:\/\/blog.lesgrossesorchadeslesamplesthalameges.fr\/wp-content\/uploads\/2026\/04\/4.-Le-tireur-maladroit.jpg 500w, https:\/\/blog.lesgrossesorchadeslesamplesthalameges.fr\/wp-content\/uploads\/2026\/04\/4.-Le-tireur-maladroit-300x225.jpg 300w\" sizes=\"(max-width: 500px) 100vw, 500px\" \/><\/a><\/p>\n<p style=\"text-align: center;\"><span style=\"font-family: times new roman, times, serif; font-size: 12pt;\"><strong><em>\u00ab\u00a0Une personne tr\u00e8s malade\u00a0\u00bb\u2026. selon Donald J. Trump<\/em><\/strong><\/span><\/p>\n<p style=\"text-align: justify;\"><span style=\"font-family: times new roman, times, serif; font-size: 14pt;\"><strong><em>\u00a0<\/em><\/strong><\/span><\/p>\n<p>&nbsp;<\/p>\n<p style=\"text-align: justify;\"><span style=\"font-family: times new roman, times, serif; font-size: 18pt;\"><strong><em>Echos<\/em><\/strong><\/span><\/p>\n<p style=\"text-align: justify;\"><span style=\"font-family: times new roman, times, serif; font-size: 14pt;\">Selon <em>Just the News<\/em>, le tireur n&rsquo;a pas \u00e9t\u00e9 bless\u00e9 et \u00e9tait en possession d&rsquo;un fusil de chasse, d&rsquo;un pistolet et de plusieurs couteaux.<\/span><\/p>\n<p style=\"text-align: justify;\"><span style=\"font-family: times new roman, times, serif; font-size: 14pt;\">Lors d\u2019une conf\u00e9rence de presse \u00e0 la Maison Blanche organis\u00e9e peu apr\u00e8s l\u2019incident, Trump a f\u00e9licit\u00e9 les services secrets et les forces de l\u2019ordre pour leur \u00ab travail fantastique \u00bb et leur r\u00e9action rapide, d\u00e9crivant le tireur comme un \u00ab loup solitaire \u00bb et une \u00ab personne tr\u00e8s malade \u00bb originaire de Californie, qui \u00e9tait arm\u00e9 de plusieurs armes et s\u2019\u00e9tait pr\u00e9cipit\u00e9 vers un poste de contr\u00f4le de s\u00e9curit\u00e9. Il a r\u00e9v\u00e9l\u00e9 qu&rsquo;un agent des services secrets avait \u00e9t\u00e9 touch\u00e9 \u00e0 bout portant mais avait \u00e9t\u00e9 sauv\u00e9 par son gilet pare-balles et qu&rsquo;il \u00ab allait tr\u00e8s bien \u00bb, tout en confirmant que le suspect avait \u00e9t\u00e9 rapidement appr\u00e9hend\u00e9 et plac\u00e9 en garde \u00e0 vue sans avoir bless\u00e9 aucune des personnalit\u00e9s prot\u00e9g\u00e9es. Trump a indiqu\u00e9 qu\u2019il s\u2019\u00e9tait \u00ab battu comme un diable pour rester \u00bb au d\u00eener, mais qu\u2019il s\u2019\u00e9tait pli\u00e9 au protocole de s\u00e9curit\u00e9, ajoutant que cet \u00e9v\u00e9nement effrayant avait de mani\u00e8re inattendue unifi\u00e9 la salle de bal et rapproch\u00e9 journalistes et politiciens ; il a annonc\u00e9 que le d\u00eener des correspondants de la Maison Blanche serait enti\u00e8rement reprogramm\u00e9 dans les 30 prochains jours.<\/span><\/p>\n<p style=\"text-align: justify;\"><span style=\"font-family: times new roman, times, serif; font-size: 14pt;\">Cette vid\u00e9o a \u00e9t\u00e9 tourn\u00e9e \u00e0 l\u2019ext\u00e9rieur du lieu de l\u2019\u00e9v\u00e9vement\u00a0:<\/span><\/p>\n<p>&nbsp;<\/p>\n<p style=\"text-align: center;\"><span style=\"font-family: comic sans ms, sans-serif; font-size: 14pt;\">Cette vid\u00e9o de l\u2019arrestation d\u2019une femme arm\u00e9e d\u2019un smartphone est visible sur le site de Zero Hedge, ainsi que d\u2019autres, post\u00e9es sur <strong>X<\/strong> par Mario Nawfal<\/span><\/p>\n<p>&nbsp;<\/p>\n<p style=\"text-align: justify;\"><span style=\"font-family: times new roman, times, serif; font-size: 14pt;\">Selon Karol Markowicz, de <em>Fox News<\/em>, le suspect est un homme de 31 ans originaire de Torrance, en Californie.<\/span><\/p>\n<p>&nbsp;<\/p>\n<p>&nbsp;<\/p>\n<p style=\"text-align: center;\"><iframe loading=\"lazy\" src=\"\/\/www.youtube.com\/embed\/n2Ovb1a6BGI?si=wquOuqe7FDTg-T1T\" width=\"560\" height=\"314\" allowfullscreen=\"allowfullscreen\"><\/iframe><\/p>\n<p>&nbsp;<\/p>\n<p>&nbsp;<\/p>\n<p style=\"text-align: justify;\"><span style=\"font-family: times new roman, times, serif; font-size: 14pt;\">Des coups de feu ont \u00e9t\u00e9 tir\u00e9s samedi soir lors du d\u00eener des correspondants de la Maison Blanche (WHCD) de 2026, qui se tenait dans la salle de bal du Washington Hilton, ce qui a conduit les services secrets \u00e0 \u00e9vacuer imm\u00e9diatement le pr\u00e9sident Donald Trump, la premi\u00e8re dame Melania Trump, le vice-pr\u00e9sident et d&rsquo;autres personnalit\u00e9s pr\u00e9sentes. Les invit\u00e9s ont re\u00e7u l&rsquo;ordre de se mettre \u00e0 l&rsquo;abri sous les tables pendant que des agents lourdement arm\u00e9s s\u00e9curisaient les lieux<\/span><\/p>\n<p>&nbsp;<\/p>\n<p style=\"text-align: justify;\"><span style=\"font-family: times new roman, times, serif; font-size: 14pt;\"><strong>D\u00e9tails-cl\u00e9s issus des premiers rapports :<\/strong><\/span><\/p>\n<p>&nbsp;<\/p>\n<ul style=\"text-align: justify;\">\n<li><span style=\"font-family: times new roman, times, serif; font-size: 14pt;\">Le pr\u00e9sident Trump et plusieurs personnalit\u00e9s \u2014 dont la Premi\u00e8re dame, le vice-pr\u00e9sident, la pr\u00e9sidente de la WHCA, Weijia Jiang et l\u2019animateur\/mentaliste Oz Pearlman \u2014 ont \u00e9t\u00e9 rapidement \u00e9vacu\u00e9s de la salle de bal.<\/span><\/li>\n<\/ul>\n<ul style=\"text-align: justify;\">\n<li><span style=\"font-family: times new roman, times, serif; font-size: 14pt;\">Des agents des services secrets ont bondi sur sc\u00e8ne au milieu du chaos.<\/span><\/li>\n<\/ul>\n<ul style=\"text-align: justify;\">\n<li><span style=\"font-family: times new roman, times, serif; font-size: 14pt;\">Les agents de s\u00e9curit\u00e9 de la secr\u00e9taire \u00e0 l&rsquo;\u00c9ducation Linda McMahon ont d\u00e9clar\u00e9 en direct \u00e0 CNN qu&rsquo;il y avait un tireur dans le hall et que celui-ci \u00e9tait mort.<\/span><\/li>\n<\/ul>\n<ul style=\"text-align: justify;\">\n<li><span style=\"font-family: times new roman, times, serif; font-size: 14pt;\">Un autre rapport du pool de la Maison Blanche, r\u00e9dig\u00e9 par Jeff Mordock du Washington Times, indiquait que les services secrets avaient signal\u00e9 que le tireur pr\u00e9sum\u00e9 \u00e9tait en garde \u00e0 vue ; cependant, CNN rapporte que le tireur est mort. Le tireur est en garde \u00e0 vue.<\/span><\/li>\n<\/ul>\n<p>&nbsp;<\/p>\n<p style=\"text-align: justify;\"><span style=\"font-family: times new roman, times, serif; font-size: 14pt;\">Les participants ont fait \u00e9tat de forts bruits (semblant provenir de coups de feu), d&rsquo;un mouvement de panique, de personnes plongeant pour se prot\u00e9ger, d&rsquo;un confinement de la salle et d&rsquo;une fouille de l&rsquo;h\u00f4tel par la police et les services secrets. M. Trump et la Premi\u00e8re dame auraient \u00e9t\u00e9 mis en s\u00e9curit\u00e9 apr\u00e8s une \u00e9vacuation rapide peu apr\u00e8s leur arriv\u00e9e sur les lieux. Aucun bless\u00e9 parmi les participants ou les personnalit\u00e9s n&rsquo;a \u00e9t\u00e9 confirm\u00e9 selon les premiers t\u00e9moignages.<\/span><\/p>\n<p><span style=\"font-family: times new roman, times, serif; font-size: 14pt;\">Source\u00a0: <a href=\"https:\/\/www.zerohedge.com\/political\/trump-evacuated-shots-fired-white-house-correspondents-dinner-shooter-dead?utm_source=&amp;utm_medium=email&amp;utm_campaign=7873\"><span style=\"font-size: 14pt;\">https:\/\/www.zerohedge.com\/political\/trump-evacuated-shots-fired-white-house-correspondents-dinner-<\/span><span style=\"font-size: 18pt;\"><span style=\"font-size: 14pt;\">shooter-dead?utm_source=&amp;utm_medium=email&amp;utm_campaign=7873<\/span><\/span><\/a><\/span><\/p>\n<p>&nbsp;<\/p>\n<p style=\"text-align: left;\"><span style=\"font-family: times new roman, times, serif; font-size: 18pt;\"><strong><em>Ils n\u2019ont quand m\u00eame pas \u00ab\u00a0fabriqu\u00e9\u00a0\u00bb tout \u00e7a eux-m\u00eames pour faire remonter la cote de D.T.\u00a0?<\/em><\/strong><\/span><\/p>\n<p style=\"text-align: left;\"><span style=\"font-family: times new roman, times, serif; font-size: 18pt;\"><strong><em>Faudrait demander aux acteurs professionnels de La Mama ce qu\u2019ils en pensent.<\/em><\/strong><\/span><\/p>\n<p><strong><em><span style=\"font-family: times new roman, times, serif; font-size: 18pt;\">Ce n&rsquo;est pas le Petit-Clamart.<\/span><\/em><\/strong><\/p>\n<p><span style=\"font-family: times new roman, times, serif; font-size: 18pt;\"><strong><em>On diraut un false flag de patronage.<\/em><\/strong><\/span><\/p>\n<p style=\"text-align: justify;\"><span style=\"font-family: times new roman, times, serif; font-size: 14pt;\"><strong><em>\u00a0<\/em><\/strong><\/span><\/p>\n<p>&nbsp;<\/p>\n<p style=\"text-align: center;\"><strong><em><a href=\"https:\/\/blog.lesgrossesorchadeslesamplesthalameges.fr\/index.php\/2026\/04\/24\/etre-ou-ne-pas-etre-dictateur\/000-russep-x-84\/\" rel=\"attachment wp-att-27143\"><img loading=\"lazy\" class=\"alignnone size-full wp-image-27143\" src=\"http:\/\/blog.lesgrossesorchadeslesamplesthalameges.fr\/wp-content\/uploads\/2026\/04\/000.-russep-x.gif\" alt=\"\" width=\"50\" height=\"50\" \/><\/a><\/em><\/strong><\/p>\n<p>&nbsp;<\/p>\n<p>&nbsp;<\/p>\n<p style=\"text-align: left;\"><span style=\"font-family: times new roman, times, serif; font-size: 18pt;\"><strong><em>Mais l\u2019ineffable Picrochole ne s\u2019en est pas tenu l\u00e0\u00a0!<\/em><\/strong><\/span><\/p>\n<p style=\"text-align: justify;\"><span style=\"font-family: comic sans ms, sans-serif; font-size: 14pt;\"><strong><em>\u00a0<\/em><\/strong><\/span><\/p>\n<p style=\"text-align: justify;\"><span style=\"font-family: comic sans ms, sans-serif; font-size: 14pt;\">Pour s\u2019occuper pendant qu\u2019on le coin\u00e7ait \u00e0 l\u2019abri\u00a0 malgr\u00e9 luii, il s\u2019est empress\u00e9 de mettre, via <em>Truth Social,<\/em>\u00a0 son grain de sel dans une bataille de dames (enfin\u2026 presque) opposant la tr\u00e8s c\u00e9l\u00e8bre Candace Owens \u00e0 une de ses propres groupies les plus d\u00e9termin\u00e9es, activiste d\u2019extr\u00eame-droite (blanche), nationaliste jusqu\u2019au nazisme, sioniste \u00e0 n\u2019en plus pouvoir (et plus si affinit\u00e9s) du nom de Laura Lowers, qui, faisant fl\u00e8che de tout bois pour estourbir la b\u00eate (noire) du POTUS, a sorti, dans une \u00e9mission publique t\u00e9l\u00e9vis\u00e9e, la photocopie d\u2019un ch\u00e8que assez \u00e9lev\u00e9 \u00e9mis par l\u2019\u00e9poux anglais de Candace, pour s\u2019acquitter d\u2019un imp\u00f4t immobilier, alors qu\u2019en Am\u00e9rique, ces choses-l\u00e0 passent par des <em>trusts<\/em>. \u00ab Ils font \u00e7a pour \u00e9chapper aux Macron ou quoi ? \u00bb Et savez-vous quelque chose d\u2019autre ? Ce n\u2019est pas<strong> \u00ab\u00a0une\u00a0\u00bb<\/strong> propri\u00e9t\u00e9 que poss\u00e8dent en Floride les \u00e9poux Farmer,\u00a0 mais \u00ab\u00a0<strong>deux\u00a0\u00bb\u00a0<\/strong>! (Elle ne conna\u00eet pas Z\u00e9lensky.). \u00abTout \u00e7a n\u2019est-il pas\u00a0 d\u00e9go\u00fbtant, quand on traite si mal ses enfants ? \u00bb, s\u2019exclame Laura. \u00c0 qui Candace demande, en l\u2019appelant Larry : \u00ab Peut-on savoir combien d\u2019enfants tu as toi-m\u00eame r\u00e9ussi \u00e0 procr\u00e9er ? \u00bb\u00a0 Veut-elle dire qu\u2019il pourrait y avoir du travesti dans l\u2019air, voire du transgenre fa\u00e7on Brigitte\u00a0 ?<\/span><\/p>\n<p style=\"text-align: justify;\"><span style=\"font-family: comic sans ms, sans-serif; font-size: 14pt;\">Tout cela vole \u00e9videmment tr\u00e8s haut. Et c\u2019est pourtant juste \u00e0 cet endroit-l\u00e0 que le Trumpinet, au plein milieu des coups de feu, a saut\u00e9 dans l\u2019ar\u00e8ne pour venir, contre les m\u00e9chants, au secours de son chevalier de l\u2019apartheid.<\/span><\/p>\n<p style=\"text-align: justify;\"><span style=\"font-family: comic sans ms, sans-serif; font-size: 14pt;\">Ce qui a fait dire \u00e0 M. Alex Christoforou (<em>The Duran<\/em>) que se m\u00ealer \u00e0 un cr\u00e9page de chignons (l\u2019un des deux f\u00fbt-il \u00a0samourai) est indigne d\u2019un pr\u00e9sident de r\u00e9publique et qu\u2019il ferait bien de se surveiller.<\/span><\/p>\n<p style=\"text-align: justify;\"><span style=\"font-family: comic sans ms, sans-serif; font-size: 14pt;\">Il nous semble \u00e0 nous que M. Trump a saut\u00e9 depuis longtemps par-dessus toutes les chicanes de l\u2019auto-surveillance.<\/span><\/p>\n<p style=\"text-align: justify;\"><span style=\"font-family: comic sans ms, sans-serif; font-size: 14pt;\">E,t franchement, si c&rsquo;\u00e9tait l\u00e0 sa seule indignit\u00e9&#8230;<\/span><\/p>\n<p>&nbsp;<\/p>\n<p>&nbsp;<\/p>\n<p style=\"text-align: center;\"><strong><em><a href=\"https:\/\/blog.lesgrossesorchadeslesamplesthalameges.fr\/index.php\/2026\/04\/24\/etre-ou-ne-pas-etre-dictateur\/000-russep-x-84\/\" rel=\"attachment wp-att-27143\"><img loading=\"lazy\" class=\"alignnone size-full wp-image-27143\" src=\"http:\/\/blog.lesgrossesorchadeslesamplesthalameges.fr\/wp-content\/uploads\/2026\/04\/000.-russep-x.gif\" alt=\"\" width=\"50\" height=\"50\" \/><\/a><\/em><\/strong><\/p>\n<p>&nbsp;<\/p>\n<p>&nbsp;<\/p>\n<p style=\"text-align: justify;\"><span style=\"font-family: times new roman, times, serif; font-size: 14pt;\"><strong><em><span style=\"font-size: 18pt;\">Derni\u00e8re minute<\/span> <\/em><\/strong><\/span><\/p>\n<p>&nbsp;<\/p>\n<p style=\"text-align: center;\"><span style=\"font-family: times new roman, times, serif; font-size: 36pt;\"><strong>L\u2019Europe joue avec le feu nucl\u00e9aire.<\/strong><\/span><\/p>\n<p style=\"text-align: justify;\"><span style=\"font-family: times new roman, times, serif; font-size: 14pt;\"><strong><em>\u00a0<\/em><\/strong><\/span><\/p>\n<p style=\"text-align: center;\"><span style=\"font-family: times new roman, times, serif; font-size: 18pt;\"><strong><em>Arr\u00eat sur info<\/em><\/strong><strong> \u2014 26 avril 2026<\/strong><\/span><\/p>\n<p style=\"text-align: justify;\"><span style=\"font-family: times new roman, times, serif; font-size: 14pt;\"><strong>\u00a0<\/strong><\/span><\/p>\n<p style=\"text-align: justify;\"><span style=\"font-family: times new roman, times, serif; font-size: 14pt;\"><strong>\u00a0<\/strong><\/span><\/p>\n<p style=\"text-align: left;\"><span style=\"font-family: arial black, sans-serif; font-size: 18pt;\"><strong>La France entra\u00eene ses pilotes au largage de bombes atomiques sur la Russie<\/strong><\/span><\/p>\n<p style=\"text-align: justify;\"><span style=\"font-family: times new roman, times, serif; font-size: 14pt;\">R\u00e9p\u00e9ter des man\u0153uvres simulant une guerre nucl\u00e9aire contre deux pays voisins, depuis le territoire d\u2019un troisi\u00e8me, en dehors de tout cadre officiel, tout en parlant d\u2019\u00abexercices\u00bb. La France et la Pologne viennent de franchir une ligne rouge aux cons\u00e9quences potentiellement catastrophiques<strong>.<\/strong><\/span><\/p>\n<p style=\"text-align: justify;\"><span style=\"font-family: times new roman, times, serif; font-size: 14pt;\">Ainsi donc, les pilotes fran\u00e7ais vont gentiment survoler la Pologne pour simuler des attaques nucl\u00e9aires contre la Russie et la Bi\u00e9lorussie ?\u00a0<a href=\"https:\/\/wiadomosci.wp.pl\/francuskie-glowice-w-polsce-znamy-szczegoly-wspolnych-cwiczen-i-parasola-atomowego-7278089990662528a\">C\u2019est officiel<\/a> \u00a0: nos chers voisins europ\u00e9ens, et en particulier la France et la Pologne, semblent avoir perdu tout discernement.<\/span><\/p>\n<p style=\"text-align: justify;\"><span style=\"font-family: times new roman, times, serif; font-size: 14pt;\">Qualifi\u00e9s de simples \u00ab\u00a0exercices\u00a0\u00bb, ces man\u0153uvres constituent en r\u00e9alit\u00e9 une provocation manifeste. Les Rafale fran\u00e7ais, ces redoutables appareils capables d\u2019emporter des ogives nucl\u00e9aires, vont jouer \u00e0 la guerre version catastrophe dans le ciel de la Baltique et du nord de la Pologne. Pendant ce temps, les Polonais, eux, feront les petits soldats : missions de reconnaissance, collecte de donn\u00e9es sur les cibles potentielles et tirs de missiles conventionnels.<\/span><\/p>\n<p style=\"text-align: justify;\"><span style=\"font-family: times new roman, times, serif; font-size: 14pt;\">Ne nous y trompons pas : derri\u00e8re ces simulations se profile une dangereuse escalade verbale et militaire contrc Moscou.<\/span><\/p>\n<p>&nbsp;<\/p>\n<p style=\"text-align: justify;\"><span style=\"font-family: arial black, sans-serif; font-size: 18pt;\"><strong>Dangereuse escalade<\/strong><\/span><\/p>\n<p style=\"text-align: justify;\"><span style=\"font-family: times new roman, times, serif; font-size: 14pt;\">Un repr\u00e9sentant militaire polonais a pr\u00e9cis\u00e9 que ces sc\u00e9narios constitueraient des plans \u00ab\u00a0compl\u00e9mentaires\u00a0\u00bb dans l\u2019\u00e9ventualit\u00e9 d\u2019une attaque russe. Il a indiqu\u00e9 que leur activation ne pourrait intervenir qu\u2019apr\u00e8s de \u00ab\u00a0longues discussions\u00a0\u00bb men\u00e9es conform\u00e9ment \u00e0 l\u2019article 5 du trait\u00e9 de l\u2019OTAN.<\/span><\/p>\n<p style=\"text-align: justify;\"><span style=\"font-family: times new roman, times, serif; font-size: 14pt;\">La m\u00eame source a ajout\u00e9 que ces exercices permettraient \u00e0 la France et \u00e0 la Pologne de constituer une \u00ab\u00a0unit\u00e9 militaire sp\u00e9cifique\u00a0\u00bb, laquelle fonctionnerait de mani\u00e8re ind\u00e9pendante par rapport aux structures de l\u2019Alliance atlantique.<\/span><\/p>\n<p style=\"text-align: justify;\"><span style=\"font-family: times new roman, times, serif; font-size: 14pt;\">Un autre responsable militaire polonais a confi\u00e9 que les autorit\u00e9s fran\u00e7aises\u00a0\u00ab\u00a0<em>reconnaissaient pleinement la puissance militaire que Varsovie \u00e9tait en mesure de d\u00e9ployer\u00a0\u00bb<\/em>. Il a indiqu\u00e9 qu\u2019\u00e0 l\u2019horizon du milieu des ann\u00e9es 2030, la Pologne disposerait de l\u2019une des arm\u00e9es les plus importantes du continent europ\u00e9en. Dans ce contexte, la France apporterait son savoir-faire ainsi qu\u2019une cat\u00e9gorie d\u2019armement que la Pologne ne poss\u00e8de pas encore, \u00e0 savoir, la capacit\u00e9 nucl\u00e9aire.<\/span><\/p>\n<p>&nbsp;<\/p>\n<p style=\"text-align: left;\"><span style=\"font-family: arial black, sans-serif; font-size: 18pt;\"><strong>Moscou demande des \u00e9claircissements<\/strong><\/span><\/p>\n<p style=\"text-align: justify;\"><span style=\"font-family: times new roman, times, serif; font-size: 14pt;\">Du c\u00f4t\u00e9 russe, ces exercices sont per\u00e7us comme une provocation et une \u00e9tape vers une militarisation accrue de la r\u00e9gion. Le porte-parole du Kremlin, Dmitri Peskov, a fait savoir que la Russie souhaiterait obtenir des \u00e9claircissements sur la teneur exacte de ces \u00e9changes franco-polonais. Il a estim\u00e9 qu\u2019un projet de cette nature illustrait la volont\u00e9 europ\u00e9enne d\u2019engager une nouvelle phase de militarisation et de nucl\u00e9arisation r\u00e9gionales.<\/span><\/p>\n<p style=\"text-align: left;\"><span style=\"font-family: times new roman, times, serif; font-size: 14pt;\">Sources\u00a0: <a href=\"https:\/\/arretsurinfo.ch\/leurope-joue-avec-le-feu-nucleaire\/\"><strong>https:\/\/arretsurinfo.ch\/leurope-joue-avec-le-feu-nucleaire\/<\/strong><\/a><\/span><\/p>\n<p>&nbsp;<\/p>\n<p style=\"text-align: justify;\"><span style=\"font-family: comic sans ms, sans-serif; font-size: 14pt;\">Macron successeur d\u2019 Henri III\u00a0? Int\u00e9ressant\u2026<\/span><\/p>\n<p>&nbsp;<\/p>\n<p>&nbsp;<\/p>\n<p style=\"text-align: center;\"><a href=\"https:\/\/blog.lesgrossesorchadeslesamplesthalameges.fr\/index.php\/2026\/04\/24\/etre-ou-ne-pas-etre-dictateur\/000-russep-x-84\/\" rel=\"attachment wp-att-27143\"><img loading=\"lazy\" class=\"alignnone size-full wp-image-27143\" src=\"http:\/\/blog.lesgrossesorchadeslesamplesthalameges.fr\/wp-content\/uploads\/2026\/04\/000.-russep-x.gif\" alt=\"\" width=\"50\" height=\"50\" \/><\/a><\/p>\n<p>&nbsp;<\/p>\n<p>&nbsp;<\/p>\n<p style=\"text-align: right;\"><span style=\"font-family: comic sans ms, sans-serif; font-size: 14pt;\">Mis en ligne le 27 avril 2026<\/span><\/p>\n<p style=\"text-align: right;\"><span style=\"font-family: comic sans ms, sans-serif; font-size: 14pt;\">par Les Grosses Orchades<\/span><\/p>\n<p>&nbsp;<\/p>\n<p>&nbsp;<\/p>\n","protected":false},"excerpt":{"rendered":"<p>&nbsp; &nbsp; &nbsp; &nbsp; &nbsp; &nbsp; &nbsp; &nbsp; &nbsp; NOSTALGIE ! &nbsp; &#8230;sur une sc\u00e8ne de th\u00e9\u00e2tre new-yorkaise ! &nbsp; &nbsp; &nbsp; &nbsp; La sc\u00e8ne est celle du c\u00e9l\u00e8bre th\u00e9\u00e2tre La Mama, \u00e0 Greenwich Village, New York. Et le jeune soixante-huitard boucl\u00e9 dont la photo appara\u00eet en grand dans le d\u00e9cor est Jean-Louis Lippert, alias&#8230;<\/p>\n","protected":false},"author":1,"featured_media":0,"comment_status":"open","ping_status":"open","sticky":false,"template":"","format":"standard","meta":[],"categories":[1],"tags":[],"_links":{"self":[{"href":"https:\/\/blog.lesgrossesorchadeslesamplesthalameges.fr\/index.php\/wp-json\/wp\/v2\/posts\/27164"}],"collection":[{"href":"https:\/\/blog.lesgrossesorchadeslesamplesthalameges.fr\/index.php\/wp-json\/wp\/v2\/posts"}],"about":[{"href":"https:\/\/blog.lesgrossesorchadeslesamplesthalameges.fr\/index.php\/wp-json\/wp\/v2\/types\/post"}],"author":[{"embeddable":true,"href":"https:\/\/blog.lesgrossesorchadeslesamplesthalameges.fr\/index.php\/wp-json\/wp\/v2\/users\/1"}],"replies":[{"embeddable":true,"href":"https:\/\/blog.lesgrossesorchadeslesamplesthalameges.fr\/index.php\/wp-json\/wp\/v2\/comments?post=27164"}],"version-history":[{"count":15,"href":"https:\/\/blog.lesgrossesorchadeslesamplesthalameges.fr\/index.php\/wp-json\/wp\/v2\/posts\/27164\/revisions"}],"predecessor-version":[{"id":27184,"href":"https:\/\/blog.lesgrossesorchadeslesamplesthalameges.fr\/index.php\/wp-json\/wp\/v2\/posts\/27164\/revisions\/27184"}],"wp:attachment":[{"href":"https:\/\/blog.lesgrossesorchadeslesamplesthalameges.fr\/index.php\/wp-json\/wp\/v2\/media?parent=27164"}],"wp:term":[{"taxonomy":"category","embeddable":true,"href":"https:\/\/blog.lesgrossesorchadeslesamplesthalameges.fr\/index.php\/wp-json\/wp\/v2\/categories?post=27164"},{"taxonomy":"post_tag","embeddable":true,"href":"https:\/\/blog.lesgrossesorchadeslesamplesthalameges.fr\/index.php\/wp-json\/wp\/v2\/tags?post=27164"}],"curies":[{"name":"wp","href":"https:\/\/api.w.org\/{rel}","templated":true}]}}